{"id":9631,"date":"2026-01-07T08:28:11","date_gmt":"2026-01-07T07:28:11","guid":{"rendered":"https:\/\/gijonbasket.com\/?p=9631"},"modified":"2026-01-07T23:48:23","modified_gmt":"2026-01-07T22:48:23","slug":"sergio-rodriguez-nuevo-fichaje-del-melilla-ciudad-del-deporte","status":"publish","type":"post","link":"https:\/\/gijonbasket.com\/en\/2026\/01\/07\/sergio-rodriguez-nuevo-fichaje-del-melilla-ciudad-del-deporte\/","title":{"rendered":"Sergio Rodr\u00edguez nuevo fichaje del Melilla Ciudad del Deporte"},"content":{"rendered":"<p>El Melilla Ciudad del Deporte se refuerza con el fichaje de Sergio Rodr\u00edguez.<\/p>\n\n\n\n<p>Alero de 32 a\u00f1os y 2.04 m. procedente del Panteras de Aguascalientes (M\u00e9xico).<\/p>\n\n\n\n<p>Esta temporada Sergio Rodr\u00edguez emprendi\u00f3 rumbo a M\u00e9xico para militar en el Panteras de Aguascalientes tras haber militado la campa\u00f1a 2024\/2025 en el Aircargobooking Ourense.<\/p>\n\n\n\n<p>Sergio Rodr\u00edguez firm\u00f3 unas estad\u00edsticas de 4.6 ppp; 2.8 rpp con el Panteras de Aguascalientes.<\/p>\n\n\n\n<p>6 temporadas en Liga Endesa militando en Lenovo Tenerife (2012\/2013; 2013\/2014; 2020\/2021; 2021\/2022; 2022\/2023) y RETAbet Bilbao Basket (2019\/2020) para disputar un total de 121 partidos.<\/p>\n\n\n\n<p>5 temporadas en LEB Oro defendiendo los colores de Planasa Navarra (2015\/2016), TAU Castell\u00f3 (2016\/2017), Levitec Huesca (2017\/2018), R\u00edo Ourense Termal (2017\/2018) y Movistar Estudiantes (2023\/2024).<\/p>\n\n\n\n<p>La pasada temporada Sergio Rodr\u00edguez se estren\u00f3 en Primera FEB con el Aircargobooking Ourense.<\/p>","protected":false},"excerpt":{"rendered":"<p>El Melilla Ciudad del Deporte se refuerza con el fichaje de Sergio Rodr\u00edguez. Alero de 32 a\u00f1os y 2.04 m. procedente del Panteras de Aguascalientes (M\u00e9xico). Esta temporada Sergio Rodr\u00edguez emprendi\u00f3 rumbo a M\u00e9xico para militar en el Panteras de Aguascalientes tras haber militado la campa\u00f1a 2024\/2025 en el Aircargobooking Ourense. Sergio Rodr\u00edguez firm\u00f3 unas&hellip;&nbsp;<a href=\"https:\/\/gijonbasket.com\/en\/2026\/01\/07\/sergio-rodriguez-nuevo-fichaje-del-melilla-ciudad-del-deporte\/\" class=\"\" rel=\"bookmark\">Read More &raquo;<span class=\"screen-reader-text\">Sergio Rodr\u00edguez nuevo fichaje del Melilla Ciudad del Deporte<\/span><\/a><\/p>","protected":false},"author":2,"featured_media":0,"comment_status":"open","ping_status":"open","sticky":false,"template":"","format":"standard","meta":{"neve_meta_sidebar":"","neve_meta_container":"","neve_meta_enable_content_width":"","neve_meta_content_width":0,"neve_meta_title_alignment":"","neve_meta_author_avatar":"","neve_post_elements_order":"","neve_meta_disable_header":"","neve_meta_disable_footer":"","neve_meta_disable_title":"","footnotes":""},"categories":[4],"tags":[],"class_list":["post-9631","post","type-post","status-publish","format-standard","hentry","category-noticias"],"yoast_head":"<!-- This site is optimized with the Yoast SEO plugin v23.4 - https:\/\/yoast.com\/wordpress\/plugins\/seo\/ -->\n<title>Sergio Rodr\u00edguez nuevo fichaje del Melilla Ciudad del Deporte - gijonbasket<\/title>\n<meta name=\"robots\" content=\"index, follow, max-snippet:-1, max-image-preview:large, max-video-preview:-1\" \/>\n<link rel=\"canonical\" href=\"https:\/\/gijonbasket.com\/en\/2026\/01\/07\/sergio-rodriguez-nuevo-fichaje-del-melilla-ciudad-del-deporte\/\" \/>\n<meta property=\"og:locale\" content=\"en_US\" \/>\n<meta property=\"og:type\" content=\"article\" \/>\n<meta property=\"og:title\" content=\"Sergio Rodr\u00edguez nuevo fichaje del Melilla Ciudad del Deporte - gijonbasket\" \/>\n<meta property=\"og:description\" content=\"El Melilla Ciudad del Deporte se refuerza con el fichaje de Sergio Rodr\u00edguez. Alero de 32 a\u00f1os y 2.04 m. procedente del Panteras de Aguascalientes (M\u00e9xico). Esta temporada Sergio Rodr\u00edguez emprendi\u00f3 rumbo a M\u00e9xico para militar en el Panteras de Aguascalientes tras haber militado la campa\u00f1a 2024\/2025 en el Aircargobooking Ourense. Sergio Rodr\u00edguez firm\u00f3 unas&hellip;&nbsp;Read More &raquo;Sergio Rodr\u00edguez nuevo fichaje del Melilla Ciudad del Deporte\" \/>\n<meta property=\"og:url\" content=\"https:\/\/gijonbasket.com\/en\/2026\/01\/07\/sergio-rodriguez-nuevo-fichaje-del-melilla-ciudad-del-deporte\/\" \/>\n<meta property=\"og:site_name\" content=\"gijonbasket\" \/>\n<meta property=\"article:published_time\" content=\"2026-01-07T07:28:11+00:00\" \/>\n<meta property=\"article:modified_time\" content=\"2026-01-07T22:48:23+00:00\" \/>\n<meta name=\"author\" content=\"Cesar Morales\" \/>\n<meta name=\"twitter:card\" content=\"summary_large_image\" \/>\n<meta name=\"twitter:label1\" content=\"Written by\" \/>\n\t<meta name=\"twitter:data1\" content=\"Cesar Morales\" \/>\n\t<meta name=\"twitter:label2\" content=\"Est. reading time\" \/>\n\t<meta name=\"twitter:data2\" content=\"1 minute\" \/>\n<script type=\"application\/ld+json\" class=\"yoast-schema-graph\">{\"@context\":\"https:\/\/schema.org\",\"@graph\":[{\"@type\":\"Article\",\"@id\":\"https:\/\/gijonbasket.com\/2026\/01\/07\/sergio-rodriguez-nuevo-fichaje-del-melilla-ciudad-del-deporte\/#article\",\"isPartOf\":{\"@id\":\"https:\/\/gijonbasket.com\/2026\/01\/07\/sergio-rodriguez-nuevo-fichaje-del-melilla-ciudad-del-deporte\/\"},\"author\":{\"name\":\"Cesar Morales\",\"@id\":\"https:\/\/gijonbasket.com\/#\/schema\/person\/91af9ff03e8eab582ccc344b715907c0\"},\"headline\":\"Sergio Rodr\u00edguez nuevo fichaje del Melilla Ciudad del Deporte\",\"datePublished\":\"2026-01-07T07:28:11+00:00\",\"dateModified\":\"2026-01-07T22:48:23+00:00\",\"mainEntityOfPage\":{\"@id\":\"https:\/\/gijonbasket.com\/2026\/01\/07\/sergio-rodriguez-nuevo-fichaje-del-melilla-ciudad-del-deporte\/\"},\"wordCount\":133,\"commentCount\":0,\"publisher\":{\"@id\":\"https:\/\/gijonbasket.com\/#organization\"},\"articleSection\":[\"noticias\"],\"inLanguage\":\"en-US\",\"potentialAction\":[{\"@type\":\"CommentAction\",\"name\":\"Comment\",\"target\":[\"https:\/\/gijonbasket.com\/2026\/01\/07\/sergio-rodriguez-nuevo-fichaje-del-melilla-ciudad-del-deporte\/#respond\"]}]},{\"@type\":\"WebPage\",\"@id\":\"https:\/\/gijonbasket.com\/2026\/01\/07\/sergio-rodriguez-nuevo-fichaje-del-melilla-ciudad-del-deporte\/\",\"url\":\"https:\/\/gijonbasket.com\/2026\/01\/07\/sergio-rodriguez-nuevo-fichaje-del-melilla-ciudad-del-deporte\/\",\"name\":\"Sergio Rodr\u00edguez nuevo fichaje del Melilla Ciudad del Deporte - gijonbasket\",\"isPartOf\":{\"@id\":\"https:\/\/gijonbasket.com\/#website\"},\"datePublished\":\"2026-01-07T07:28:11+00:00\",\"dateModified\":\"2026-01-07T22:48:23+00:00\",\"breadcrumb\":{\"@id\":\"https:\/\/gijonbasket.com\/2026\/01\/07\/sergio-rodriguez-nuevo-fichaje-del-melilla-ciudad-del-deporte\/#breadcrumb\"},\"inLanguage\":\"en-US\",\"potentialAction\":[{\"@type\":\"ReadAction\",\"target\":[\"https:\/\/gijonbasket.com\/2026\/01\/07\/sergio-rodriguez-nuevo-fichaje-del-melilla-ciudad-del-deporte\/\"]}]},{\"@type\":\"BreadcrumbList\",\"@id\":\"https:\/\/gijonbasket.com\/2026\/01\/07\/sergio-rodriguez-nuevo-fichaje-del-melilla-ciudad-del-deporte\/#breadcrumb\",\"itemListElement\":[{\"@type\":\"ListItem\",\"position\":1,\"name\":\"Portada\",\"item\":\"https:\/\/gijonbasket.com\/\"},{\"@type\":\"ListItem\",\"position\":2,\"name\":\"Sergio Rodr\u00edguez nuevo fichaje del Melilla Ciudad del Deporte\"}]},{\"@type\":\"WebSite\",\"@id\":\"https:\/\/gijonbasket.com\/#website\",\"url\":\"https:\/\/gijonbasket.com\/\",\"name\":\"gijonbasket\",\"description\":\"\",\"publisher\":{\"@id\":\"https:\/\/gijonbasket.com\/#organization\"},\"potentialAction\":[{\"@type\":\"SearchAction\",\"target\":{\"@type\":\"EntryPoint\",\"urlTemplate\":\"https:\/\/gijonbasket.com\/?s={search_term_string}\"},\"query-input\":{\"@type\":\"PropertyValueSpecification\",\"valueRequired\":true,\"valueName\":\"search_term_string\"}}],\"inLanguage\":\"en-US\"},{\"@type\":\"Organization\",\"@id\":\"https:\/\/gijonbasket.com\/#organization\",\"name\":\"gijonbasket\",\"url\":\"https:\/\/gijonbasket.com\/\",\"logo\":{\"@type\":\"ImageObject\",\"inLanguage\":\"en-US\",\"@id\":\"https:\/\/gijonbasket.com\/#\/schema\/logo\/image\/\",\"url\":\"https:\/\/gijonbasket.com\/wp-content\/uploads\/2023\/03\/LogoGijonBasket2.jpg\",\"contentUrl\":\"https:\/\/gijonbasket.com\/wp-content\/uploads\/2023\/03\/LogoGijonBasket2.jpg\",\"width\":2000,\"height\":550,\"caption\":\"gijonbasket\"},\"image\":{\"@id\":\"https:\/\/gijonbasket.com\/#\/schema\/logo\/image\/\"}},{\"@type\":\"Person\",\"@id\":\"https:\/\/gijonbasket.com\/#\/schema\/person\/91af9ff03e8eab582ccc344b715907c0\",\"name\":\"Cesar Morales\",\"image\":{\"@type\":\"ImageObject\",\"inLanguage\":\"en-US\",\"@id\":\"https:\/\/gijonbasket.com\/#\/schema\/person\/image\/\",\"url\":\"https:\/\/secure.gravatar.com\/avatar\/ab9ddf1e87f7580cae3deefb05a58c5cf4f0c7f96f033fd7dacc23f0e8d149ca?s=96&d=mm&r=g\",\"contentUrl\":\"https:\/\/secure.gravatar.com\/avatar\/ab9ddf1e87f7580cae3deefb05a58c5cf4f0c7f96f033fd7dacc23f0e8d149ca?s=96&d=mm&r=g\",\"caption\":\"Cesar Morales\"},\"url\":\"https:\/\/gijonbasket.com\/en\/author\/cesar\/\"}]}<\/script>\n<!-- \/ Yoast SEO plugin. -->","yoast_head_json":{"title":"Sergio Rodr\u00edguez nuevo fichaje del Melilla Ciudad del Deporte - gijonbasket","robots":{"index":"index","follow":"follow","max-snippet":"max-snippet:-1","max-image-preview":"max-image-preview:large","max-video-preview":"max-video-preview:-1"},"canonical":"https:\/\/gijonbasket.com\/en\/2026\/01\/07\/sergio-rodriguez-nuevo-fichaje-del-melilla-ciudad-del-deporte\/","og_locale":"en_US","og_type":"article","og_title":"Sergio Rodr\u00edguez nuevo fichaje del Melilla Ciudad del Deporte - gijonbasket","og_description":"El Melilla Ciudad del Deporte se refuerza con el fichaje de Sergio Rodr\u00edguez. Alero de 32 a\u00f1os y 2.04 m. procedente del Panteras de Aguascalientes (M\u00e9xico). Esta temporada Sergio Rodr\u00edguez emprendi\u00f3 rumbo a M\u00e9xico para militar en el Panteras de Aguascalientes tras haber militado la campa\u00f1a 2024\/2025 en el Aircargobooking Ourense. Sergio Rodr\u00edguez firm\u00f3 unas&hellip;&nbsp;Read More &raquo;Sergio Rodr\u00edguez nuevo fichaje del Melilla Ciudad del Deporte","og_url":"https:\/\/gijonbasket.com\/en\/2026\/01\/07\/sergio-rodriguez-nuevo-fichaje-del-melilla-ciudad-del-deporte\/","og_site_name":"gijonbasket","article_published_time":"2026-01-07T07:28:11+00:00","article_modified_time":"2026-01-07T22:48:23+00:00","author":"Cesar Morales","twitter_card":"summary_large_image","twitter_misc":{"Written by":"Cesar Morales","Est. reading time":"1 minute"},"schema":{"@context":"https:\/\/schema.org","@graph":[{"@type":"Article","@id":"https:\/\/gijonbasket.com\/2026\/01\/07\/sergio-rodriguez-nuevo-fichaje-del-melilla-ciudad-del-deporte\/#article","isPartOf":{"@id":"https:\/\/gijonbasket.com\/2026\/01\/07\/sergio-rodriguez-nuevo-fichaje-del-melilla-ciudad-del-deporte\/"},"author":{"name":"Cesar Morales","@id":"https:\/\/gijonbasket.com\/#\/schema\/person\/91af9ff03e8eab582ccc344b715907c0"},"headline":"Sergio Rodr\u00edguez nuevo fichaje del Melilla Ciudad del Deporte","datePublished":"2026-01-07T07:28:11+00:00","dateModified":"2026-01-07T22:48:23+00:00","mainEntityOfPage":{"@id":"https:\/\/gijonbasket.com\/2026\/01\/07\/sergio-rodriguez-nuevo-fichaje-del-melilla-ciudad-del-deporte\/"},"wordCount":133,"commentCount":0,"publisher":{"@id":"https:\/\/gijonbasket.com\/#organization"},"articleSection":["noticias"],"inLanguage":"en-US","potentialAction":[{"@type":"CommentAction","name":"Comment","target":["https:\/\/gijonbasket.com\/2026\/01\/07\/sergio-rodriguez-nuevo-fichaje-del-melilla-ciudad-del-deporte\/#respond"]}]},{"@type":"WebPage","@id":"https:\/\/gijonbasket.com\/2026\/01\/07\/sergio-rodriguez-nuevo-fichaje-del-melilla-ciudad-del-deporte\/","url":"https:\/\/gijonbasket.com\/2026\/01\/07\/sergio-rodriguez-nuevo-fichaje-del-melilla-ciudad-del-deporte\/","name":"Sergio Rodr\u00edguez nuevo fichaje del Melilla Ciudad del Deporte - gijonbasket","isPartOf":{"@id":"https:\/\/gijonbasket.com\/#website"},"datePublished":"2026-01-07T07:28:11+00:00","dateModified":"2026-01-07T22:48:23+00:00","breadcrumb":{"@id":"https:\/\/gijonbasket.com\/2026\/01\/07\/sergio-rodriguez-nuevo-fichaje-del-melilla-ciudad-del-deporte\/#breadcrumb"},"inLanguage":"en-US","potentialAction":[{"@type":"ReadAction","target":["https:\/\/gijonbasket.com\/2026\/01\/07\/sergio-rodriguez-nuevo-fichaje-del-melilla-ciudad-del-deporte\/"]}]},{"@type":"BreadcrumbList","@id":"https:\/\/gijonbasket.com\/2026\/01\/07\/sergio-rodriguez-nuevo-fichaje-del-melilla-ciudad-del-deporte\/#breadcrumb","itemListElement":[{"@type":"ListItem","position":1,"name":"Portada","item":"https:\/\/gijonbasket.com\/"},{"@type":"ListItem","position":2,"name":"Sergio Rodr\u00edguez nuevo fichaje del Melilla Ciudad del Deporte"}]},{"@type":"WebSite","@id":"https:\/\/gijonbasket.com\/#website","url":"https:\/\/gijonbasket.com\/","name":"gijonbasket","description":"","publisher":{"@id":"https:\/\/gijonbasket.com\/#organization"},"potentialAction":[{"@type":"SearchAction","target":{"@type":"EntryPoint","urlTemplate":"https:\/\/gijonbasket.com\/?s={search_term_string}"},"query-input":{"@type":"PropertyValueSpecification","valueRequired":true,"valueName":"search_term_string"}}],"inLanguage":"en-US"},{"@type":"Organization","@id":"https:\/\/gijonbasket.com\/#organization","name":"gijonbasket","url":"https:\/\/gijonbasket.com\/","logo":{"@type":"ImageObject","inLanguage":"en-US","@id":"https:\/\/gijonbasket.com\/#\/schema\/logo\/image\/","url":"https:\/\/gijonbasket.com\/wp-content\/uploads\/2023\/03\/LogoGijonBasket2.jpg","contentUrl":"https:\/\/gijonbasket.com\/wp-content\/uploads\/2023\/03\/LogoGijonBasket2.jpg","width":2000,"height":550,"caption":"gijonbasket"},"image":{"@id":"https:\/\/gijonbasket.com\/#\/schema\/logo\/image\/"}},{"@type":"Person","@id":"https:\/\/gijonbasket.com\/#\/schema\/person\/91af9ff03e8eab582ccc344b715907c0","name":"Cesar Morales","image":{"@type":"ImageObject","inLanguage":"en-US","@id":"https:\/\/gijonbasket.com\/#\/schema\/person\/image\/","url":"https:\/\/secure.gravatar.com\/avatar\/ab9ddf1e87f7580cae3deefb05a58c5cf4f0c7f96f033fd7dacc23f0e8d149ca?s=96&d=mm&r=g","contentUrl":"https:\/\/secure.gravatar.com\/avatar\/ab9ddf1e87f7580cae3deefb05a58c5cf4f0c7f96f033fd7dacc23f0e8d149ca?s=96&d=mm&r=g","caption":"Cesar Morales"},"url":"https:\/\/gijonbasket.com\/en\/author\/cesar\/"}]}},"_links":{"self":[{"href":"https:\/\/gijonbasket.com\/en\/wp-json\/wp\/v2\/posts\/9631","targetHints":{"allow":["GET"]}}],"collection":[{"href":"https:\/\/gijonbasket.com\/en\/wp-json\/wp\/v2\/posts"}],"about":[{"href":"https:\/\/gijonbasket.com\/en\/wp-json\/wp\/v2\/types\/post"}],"author":[{"embeddable":true,"href":"https:\/\/gijonbasket.com\/en\/wp-json\/wp\/v2\/users\/2"}],"replies":[{"embeddable":true,"href":"https:\/\/gijonbasket.com\/en\/wp-json\/wp\/v2\/comments?post=9631"}],"version-history":[{"count":2,"href":"https:\/\/gijonbasket.com\/en\/wp-json\/wp\/v2\/posts\/9631\/revisions"}],"predecessor-version":[{"id":9643,"href":"https:\/\/gijonbasket.com\/en\/wp-json\/wp\/v2\/posts\/9631\/revisions\/9643"}],"wp:attachment":[{"href":"https:\/\/gijonbasket.com\/en\/wp-json\/wp\/v2\/media?parent=9631"}],"wp:term":[{"taxonomy":"category","embeddable":true,"href":"https:\/\/gijonbasket.com\/en\/wp-json\/wp\/v2\/categories?post=9631"},{"taxonomy":"post_tag","embeddable":true,"href":"https:\/\/gijonbasket.com\/en\/wp-json\/wp\/v2\/tags?post=9631"}],"curies":[{"name":"wp","href":"https:\/\/api.w.org\/{rel}","templated":true}]}}