{"id":9649,"date":"2026-01-08T17:12:57","date_gmt":"2026-01-08T16:12:57","guid":{"rendered":"https:\/\/gijonbasket.com\/?p=9649"},"modified":"2026-01-08T17:12:58","modified_gmt":"2026-01-08T16:12:58","slug":"ruben-salas-nuevo-fichaje-del-jaen-paraiso-interior-fs","status":"publish","type":"post","link":"https:\/\/gijonbasket.com\/en\/2026\/01\/08\/ruben-salas-nuevo-fichaje-del-jaen-paraiso-interior-fs\/","title":{"rendered":"Rub\u00e9n Salas nuevo fichaje del Ja\u00e9n Para\u00edso Interior FS"},"content":{"rendered":"<p>El Ja\u00e9n Para\u00edso Interior FS anunci\u00f3 el fichaje de Rub\u00e9n Salas procedente del Cl\u00ednica Ponferrada SDP.<\/p>\n\n\n\n<p>Ala-p\u00edvot de 22 a\u00f1os y 2.07 m. que cumpl\u00eda su primera temporada en el Cl\u00ednica Ponferrada SDP.<\/p>\n\n\n\n<p>La pasada temporada milit\u00f3 en el C\u00e1ceres Patrimonio de la Humanidad.<\/p>\n\n\n\n<p>Rub\u00e9n Salas estaba promediando esta temporada con el Cl\u00ednica Ponferrada SDP 5.8 ppp; 3.4 rpp (Temporada Regular) y 9.3 ppp; 4.7 rpp (Copa Espa\u00f1a).<\/p>","protected":false},"excerpt":{"rendered":"<p>El Ja\u00e9n Para\u00edso Interior FS anunci\u00f3 el fichaje de Rub\u00e9n Salas procedente del Cl\u00ednica Ponferrada SDP. Ala-p\u00edvot de 22 a\u00f1os y 2.07 m. que cumpl\u00eda su primera temporada en el Cl\u00ednica Ponferrada SDP. La pasada temporada milit\u00f3 en el C\u00e1ceres Patrimonio de la Humanidad. Rub\u00e9n Salas estaba promediando esta temporada con el Cl\u00ednica Ponferrada SDP&hellip;&nbsp;<a href=\"https:\/\/gijonbasket.com\/en\/2026\/01\/08\/ruben-salas-nuevo-fichaje-del-jaen-paraiso-interior-fs\/\" class=\"\" rel=\"bookmark\">Read More &raquo;<span class=\"screen-reader-text\">Rub\u00e9n Salas nuevo fichaje del Ja\u00e9n Para\u00edso Interior FS<\/span><\/a><\/p>","protected":false},"author":2,"featured_media":0,"comment_status":"open","ping_status":"open","sticky":false,"template":"","format":"standard","meta":{"neve_meta_sidebar":"","neve_meta_container":"","neve_meta_enable_content_width":"","neve_meta_content_width":0,"neve_meta_title_alignment":"","neve_meta_author_avatar":"","neve_post_elements_order":"","neve_meta_disable_header":"","neve_meta_disable_footer":"","neve_meta_disable_title":"","footnotes":""},"categories":[4],"tags":[],"class_list":["post-9649","post","type-post","status-publish","format-standard","hentry","category-noticias"],"yoast_head":"<!-- This site is optimized with the Yoast SEO plugin v23.4 - https:\/\/yoast.com\/wordpress\/plugins\/seo\/ -->\n<title>Rub\u00e9n Salas nuevo fichaje del Ja\u00e9n Para\u00edso Interior FS - gijonbasket<\/title>\n<meta name=\"robots\" content=\"index, follow, max-snippet:-1, max-image-preview:large, max-video-preview:-1\" \/>\n<link rel=\"canonical\" href=\"https:\/\/gijonbasket.com\/en\/2026\/01\/08\/ruben-salas-nuevo-fichaje-del-jaen-paraiso-interior-fs\/\" \/>\n<meta property=\"og:locale\" content=\"en_US\" \/>\n<meta property=\"og:type\" content=\"article\" \/>\n<meta property=\"og:title\" content=\"Rub\u00e9n Salas nuevo fichaje del Ja\u00e9n Para\u00edso Interior FS - gijonbasket\" \/>\n<meta property=\"og:description\" content=\"El Ja\u00e9n Para\u00edso Interior FS anunci\u00f3 el fichaje de Rub\u00e9n Salas procedente del Cl\u00ednica Ponferrada SDP. Ala-p\u00edvot de 22 a\u00f1os y 2.07 m. que cumpl\u00eda su primera temporada en el Cl\u00ednica Ponferrada SDP. La pasada temporada milit\u00f3 en el C\u00e1ceres Patrimonio de la Humanidad. Rub\u00e9n Salas estaba promediando esta temporada con el Cl\u00ednica Ponferrada SDP&hellip;&nbsp;Read More &raquo;Rub\u00e9n Salas nuevo fichaje del Ja\u00e9n Para\u00edso Interior FS\" \/>\n<meta property=\"og:url\" content=\"https:\/\/gijonbasket.com\/en\/2026\/01\/08\/ruben-salas-nuevo-fichaje-del-jaen-paraiso-interior-fs\/\" \/>\n<meta property=\"og:site_name\" content=\"gijonbasket\" \/>\n<meta property=\"article:published_time\" content=\"2026-01-08T16:12:57+00:00\" \/>\n<meta property=\"article:modified_time\" content=\"2026-01-08T16:12:58+00:00\" \/>\n<meta name=\"author\" content=\"Cesar Morales\" \/>\n<meta name=\"twitter:card\" content=\"summary_large_image\" \/>\n<meta name=\"twitter:label1\" content=\"Written by\" \/>\n\t<meta name=\"twitter:data1\" content=\"Cesar Morales\" \/>\n\t<meta name=\"twitter:label2\" content=\"Est. reading time\" \/>\n\t<meta name=\"twitter:data2\" content=\"1 minute\" \/>\n<script type=\"application\/ld+json\" class=\"yoast-schema-graph\">{\"@context\":\"https:\/\/schema.org\",\"@graph\":[{\"@type\":\"Article\",\"@id\":\"https:\/\/gijonbasket.com\/2026\/01\/08\/ruben-salas-nuevo-fichaje-del-jaen-paraiso-interior-fs\/#article\",\"isPartOf\":{\"@id\":\"https:\/\/gijonbasket.com\/2026\/01\/08\/ruben-salas-nuevo-fichaje-del-jaen-paraiso-interior-fs\/\"},\"author\":{\"name\":\"Cesar Morales\",\"@id\":\"https:\/\/gijonbasket.com\/#\/schema\/person\/91af9ff03e8eab582ccc344b715907c0\"},\"headline\":\"Rub\u00e9n Salas nuevo fichaje del Ja\u00e9n Para\u00edso Interior FS\",\"datePublished\":\"2026-01-08T16:12:57+00:00\",\"dateModified\":\"2026-01-08T16:12:58+00:00\",\"mainEntityOfPage\":{\"@id\":\"https:\/\/gijonbasket.com\/2026\/01\/08\/ruben-salas-nuevo-fichaje-del-jaen-paraiso-interior-fs\/\"},\"wordCount\":86,\"commentCount\":0,\"publisher\":{\"@id\":\"https:\/\/gijonbasket.com\/#organization\"},\"articleSection\":[\"noticias\"],\"inLanguage\":\"en-US\",\"potentialAction\":[{\"@type\":\"CommentAction\",\"name\":\"Comment\",\"target\":[\"https:\/\/gijonbasket.com\/2026\/01\/08\/ruben-salas-nuevo-fichaje-del-jaen-paraiso-interior-fs\/#respond\"]}]},{\"@type\":\"WebPage\",\"@id\":\"https:\/\/gijonbasket.com\/2026\/01\/08\/ruben-salas-nuevo-fichaje-del-jaen-paraiso-interior-fs\/\",\"url\":\"https:\/\/gijonbasket.com\/2026\/01\/08\/ruben-salas-nuevo-fichaje-del-jaen-paraiso-interior-fs\/\",\"name\":\"Rub\u00e9n Salas nuevo fichaje del Ja\u00e9n Para\u00edso Interior FS - gijonbasket\",\"isPartOf\":{\"@id\":\"https:\/\/gijonbasket.com\/#website\"},\"datePublished\":\"2026-01-08T16:12:57+00:00\",\"dateModified\":\"2026-01-08T16:12:58+00:00\",\"breadcrumb\":{\"@id\":\"https:\/\/gijonbasket.com\/2026\/01\/08\/ruben-salas-nuevo-fichaje-del-jaen-paraiso-interior-fs\/#breadcrumb\"},\"inLanguage\":\"en-US\",\"potentialAction\":[{\"@type\":\"ReadAction\",\"target\":[\"https:\/\/gijonbasket.com\/2026\/01\/08\/ruben-salas-nuevo-fichaje-del-jaen-paraiso-interior-fs\/\"]}]},{\"@type\":\"BreadcrumbList\",\"@id\":\"https:\/\/gijonbasket.com\/2026\/01\/08\/ruben-salas-nuevo-fichaje-del-jaen-paraiso-interior-fs\/#breadcrumb\",\"itemListElement\":[{\"@type\":\"ListItem\",\"position\":1,\"name\":\"Portada\",\"item\":\"https:\/\/gijonbasket.com\/\"},{\"@type\":\"ListItem\",\"position\":2,\"name\":\"Rub\u00e9n Salas nuevo fichaje del Ja\u00e9n Para\u00edso Interior FS\"}]},{\"@type\":\"WebSite\",\"@id\":\"https:\/\/gijonbasket.com\/#website\",\"url\":\"https:\/\/gijonbasket.com\/\",\"name\":\"gijonbasket\",\"description\":\"\",\"publisher\":{\"@id\":\"https:\/\/gijonbasket.com\/#organization\"},\"potentialAction\":[{\"@type\":\"SearchAction\",\"target\":{\"@type\":\"EntryPoint\",\"urlTemplate\":\"https:\/\/gijonbasket.com\/?s={search_term_string}\"},\"query-input\":{\"@type\":\"PropertyValueSpecification\",\"valueRequired\":true,\"valueName\":\"search_term_string\"}}],\"inLanguage\":\"en-US\"},{\"@type\":\"Organization\",\"@id\":\"https:\/\/gijonbasket.com\/#organization\",\"name\":\"gijonbasket\",\"url\":\"https:\/\/gijonbasket.com\/\",\"logo\":{\"@type\":\"ImageObject\",\"inLanguage\":\"en-US\",\"@id\":\"https:\/\/gijonbasket.com\/#\/schema\/logo\/image\/\",\"url\":\"https:\/\/gijonbasket.com\/wp-content\/uploads\/2023\/03\/LogoGijonBasket2.jpg\",\"contentUrl\":\"https:\/\/gijonbasket.com\/wp-content\/uploads\/2023\/03\/LogoGijonBasket2.jpg\",\"width\":2000,\"height\":550,\"caption\":\"gijonbasket\"},\"image\":{\"@id\":\"https:\/\/gijonbasket.com\/#\/schema\/logo\/image\/\"}},{\"@type\":\"Person\",\"@id\":\"https:\/\/gijonbasket.com\/#\/schema\/person\/91af9ff03e8eab582ccc344b715907c0\",\"name\":\"Cesar Morales\",\"image\":{\"@type\":\"ImageObject\",\"inLanguage\":\"en-US\",\"@id\":\"https:\/\/gijonbasket.com\/#\/schema\/person\/image\/\",\"url\":\"https:\/\/secure.gravatar.com\/avatar\/ab9ddf1e87f7580cae3deefb05a58c5cf4f0c7f96f033fd7dacc23f0e8d149ca?s=96&d=mm&r=g\",\"contentUrl\":\"https:\/\/secure.gravatar.com\/avatar\/ab9ddf1e87f7580cae3deefb05a58c5cf4f0c7f96f033fd7dacc23f0e8d149ca?s=96&d=mm&r=g\",\"caption\":\"Cesar Morales\"},\"url\":\"https:\/\/gijonbasket.com\/en\/author\/cesar\/\"}]}<\/script>\n<!-- \/ Yoast SEO plugin. -->","yoast_head_json":{"title":"Rub\u00e9n Salas nuevo fichaje del Ja\u00e9n Para\u00edso Interior FS - gijonbasket","robots":{"index":"index","follow":"follow","max-snippet":"max-snippet:-1","max-image-preview":"max-image-preview:large","max-video-preview":"max-video-preview:-1"},"canonical":"https:\/\/gijonbasket.com\/en\/2026\/01\/08\/ruben-salas-nuevo-fichaje-del-jaen-paraiso-interior-fs\/","og_locale":"en_US","og_type":"article","og_title":"Rub\u00e9n Salas nuevo fichaje del Ja\u00e9n Para\u00edso Interior FS - gijonbasket","og_description":"El Ja\u00e9n Para\u00edso Interior FS anunci\u00f3 el fichaje de Rub\u00e9n Salas procedente del Cl\u00ednica Ponferrada SDP. Ala-p\u00edvot de 22 a\u00f1os y 2.07 m. que cumpl\u00eda su primera temporada en el Cl\u00ednica Ponferrada SDP. La pasada temporada milit\u00f3 en el C\u00e1ceres Patrimonio de la Humanidad. Rub\u00e9n Salas estaba promediando esta temporada con el Cl\u00ednica Ponferrada SDP&hellip;&nbsp;Read More &raquo;Rub\u00e9n Salas nuevo fichaje del Ja\u00e9n Para\u00edso Interior FS","og_url":"https:\/\/gijonbasket.com\/en\/2026\/01\/08\/ruben-salas-nuevo-fichaje-del-jaen-paraiso-interior-fs\/","og_site_name":"gijonbasket","article_published_time":"2026-01-08T16:12:57+00:00","article_modified_time":"2026-01-08T16:12:58+00:00","author":"Cesar Morales","twitter_card":"summary_large_image","twitter_misc":{"Written by":"Cesar Morales","Est. reading time":"1 minute"},"schema":{"@context":"https:\/\/schema.org","@graph":[{"@type":"Article","@id":"https:\/\/gijonbasket.com\/2026\/01\/08\/ruben-salas-nuevo-fichaje-del-jaen-paraiso-interior-fs\/#article","isPartOf":{"@id":"https:\/\/gijonbasket.com\/2026\/01\/08\/ruben-salas-nuevo-fichaje-del-jaen-paraiso-interior-fs\/"},"author":{"name":"Cesar Morales","@id":"https:\/\/gijonbasket.com\/#\/schema\/person\/91af9ff03e8eab582ccc344b715907c0"},"headline":"Rub\u00e9n Salas nuevo fichaje del Ja\u00e9n Para\u00edso Interior FS","datePublished":"2026-01-08T16:12:57+00:00","dateModified":"2026-01-08T16:12:58+00:00","mainEntityOfPage":{"@id":"https:\/\/gijonbasket.com\/2026\/01\/08\/ruben-salas-nuevo-fichaje-del-jaen-paraiso-interior-fs\/"},"wordCount":86,"commentCount":0,"publisher":{"@id":"https:\/\/gijonbasket.com\/#organization"},"articleSection":["noticias"],"inLanguage":"en-US","potentialAction":[{"@type":"CommentAction","name":"Comment","target":["https:\/\/gijonbasket.com\/2026\/01\/08\/ruben-salas-nuevo-fichaje-del-jaen-paraiso-interior-fs\/#respond"]}]},{"@type":"WebPage","@id":"https:\/\/gijonbasket.com\/2026\/01\/08\/ruben-salas-nuevo-fichaje-del-jaen-paraiso-interior-fs\/","url":"https:\/\/gijonbasket.com\/2026\/01\/08\/ruben-salas-nuevo-fichaje-del-jaen-paraiso-interior-fs\/","name":"Rub\u00e9n Salas nuevo fichaje del Ja\u00e9n Para\u00edso Interior FS - gijonbasket","isPartOf":{"@id":"https:\/\/gijonbasket.com\/#website"},"datePublished":"2026-01-08T16:12:57+00:00","dateModified":"2026-01-08T16:12:58+00:00","breadcrumb":{"@id":"https:\/\/gijonbasket.com\/2026\/01\/08\/ruben-salas-nuevo-fichaje-del-jaen-paraiso-interior-fs\/#breadcrumb"},"inLanguage":"en-US","potentialAction":[{"@type":"ReadAction","target":["https:\/\/gijonbasket.com\/2026\/01\/08\/ruben-salas-nuevo-fichaje-del-jaen-paraiso-interior-fs\/"]}]},{"@type":"BreadcrumbList","@id":"https:\/\/gijonbasket.com\/2026\/01\/08\/ruben-salas-nuevo-fichaje-del-jaen-paraiso-interior-fs\/#breadcrumb","itemListElement":[{"@type":"ListItem","position":1,"name":"Portada","item":"https:\/\/gijonbasket.com\/"},{"@type":"ListItem","position":2,"name":"Rub\u00e9n Salas nuevo fichaje del Ja\u00e9n Para\u00edso Interior FS"}]},{"@type":"WebSite","@id":"https:\/\/gijonbasket.com\/#website","url":"https:\/\/gijonbasket.com\/","name":"gijonbasket","description":"","publisher":{"@id":"https:\/\/gijonbasket.com\/#organization"},"potentialAction":[{"@type":"SearchAction","target":{"@type":"EntryPoint","urlTemplate":"https:\/\/gijonbasket.com\/?s={search_term_string}"},"query-input":{"@type":"PropertyValueSpecification","valueRequired":true,"valueName":"search_term_string"}}],"inLanguage":"en-US"},{"@type":"Organization","@id":"https:\/\/gijonbasket.com\/#organization","name":"gijonbasket","url":"https:\/\/gijonbasket.com\/","logo":{"@type":"ImageObject","inLanguage":"en-US","@id":"https:\/\/gijonbasket.com\/#\/schema\/logo\/image\/","url":"https:\/\/gijonbasket.com\/wp-content\/uploads\/2023\/03\/LogoGijonBasket2.jpg","contentUrl":"https:\/\/gijonbasket.com\/wp-content\/uploads\/2023\/03\/LogoGijonBasket2.jpg","width":2000,"height":550,"caption":"gijonbasket"},"image":{"@id":"https:\/\/gijonbasket.com\/#\/schema\/logo\/image\/"}},{"@type":"Person","@id":"https:\/\/gijonbasket.com\/#\/schema\/person\/91af9ff03e8eab582ccc344b715907c0","name":"Cesar Morales","image":{"@type":"ImageObject","inLanguage":"en-US","@id":"https:\/\/gijonbasket.com\/#\/schema\/person\/image\/","url":"https:\/\/secure.gravatar.com\/avatar\/ab9ddf1e87f7580cae3deefb05a58c5cf4f0c7f96f033fd7dacc23f0e8d149ca?s=96&d=mm&r=g","contentUrl":"https:\/\/secure.gravatar.com\/avatar\/ab9ddf1e87f7580cae3deefb05a58c5cf4f0c7f96f033fd7dacc23f0e8d149ca?s=96&d=mm&r=g","caption":"Cesar Morales"},"url":"https:\/\/gijonbasket.com\/en\/author\/cesar\/"}]}},"_links":{"self":[{"href":"https:\/\/gijonbasket.com\/en\/wp-json\/wp\/v2\/posts\/9649","targetHints":{"allow":["GET"]}}],"collection":[{"href":"https:\/\/gijonbasket.com\/en\/wp-json\/wp\/v2\/posts"}],"about":[{"href":"https:\/\/gijonbasket.com\/en\/wp-json\/wp\/v2\/types\/post"}],"author":[{"embeddable":true,"href":"https:\/\/gijonbasket.com\/en\/wp-json\/wp\/v2\/users\/2"}],"replies":[{"embeddable":true,"href":"https:\/\/gijonbasket.com\/en\/wp-json\/wp\/v2\/comments?post=9649"}],"version-history":[{"count":1,"href":"https:\/\/gijonbasket.com\/en\/wp-json\/wp\/v2\/posts\/9649\/revisions"}],"predecessor-version":[{"id":9650,"href":"https:\/\/gijonbasket.com\/en\/wp-json\/wp\/v2\/posts\/9649\/revisions\/9650"}],"wp:attachment":[{"href":"https:\/\/gijonbasket.com\/en\/wp-json\/wp\/v2\/media?parent=9649"}],"wp:term":[{"taxonomy":"category","embeddable":true,"href":"https:\/\/gijonbasket.com\/en\/wp-json\/wp\/v2\/categories?post=9649"},{"taxonomy":"post_tag","embeddable":true,"href":"https:\/\/gijonbasket.com\/en\/wp-json\/wp\/v2\/tags?post=9649"}],"curies":[{"name":"wp","href":"https:\/\/api.w.org\/{rel}","templated":true}]}}