{"id":9651,"date":"2026-01-08T19:15:05","date_gmt":"2026-01-08T18:15:05","guid":{"rendered":"https:\/\/gijonbasket.com\/?p=9651"},"modified":"2026-01-08T19:18:21","modified_gmt":"2026-01-08T18:18:21","slug":"juan-ignacio-diez-confirmado-como-tecnico-del-palmer-basket-mallorca-palma","status":"publish","type":"post","link":"https:\/\/gijonbasket.com\/en\/2026\/01\/08\/juan-ignacio-diez-confirmado-como-tecnico-del-palmer-basket-mallorca-palma\/","title":{"rendered":"Juan Ignacio D\u00edez confirmado como t\u00e9cnico del Palmer Basket Mallorca Palma"},"content":{"rendered":"<p>El Palmer Basket Mallorca Palma anunci\u00f3 la continuidad Juan Ignacio D\u00edez como t\u00e9cnico del conjunto balear hasta final de temporada.<\/p>\n\n\n\n<p>Juan Ignacio D\u00edez lleg\u00f3 al Palmer Basket Mallorca Palma como entrenador ayudante de Lucas Victoriano. La destituci\u00f3n del t\u00e9cnico argentino, tras la hist\u00f3rica derrota ante el Monbus Obradoiro (45-115), supuso que Juan Ignacio D\u00edez se hiciera cargo de la direcci\u00f3n del equipo.<\/p>\n\n\n\n<p>El Palmer Basket Mallorca Palma colista de Primera FEB con un balance de 2 victorias &#8211; 12 derrotas e igualado con el Grupo Caesa Cartagena (13\u00ba) y Melilla Ciudad del Deporte (12\u00ba).<\/p>\n\n\n\n<p>La pasada temporada Juan Ignacio D\u00edez form\u00f3 parte del Cuerpo T\u00e9cnico del Real Betis Baloncesto y en la actual ocupaba el cargo de Director Deportivo de CD Gin\u00e9s Baloncesto.<\/p>\n\n\n\n<p>Juan Ignacio D\u00edez es el 4\u00ba t\u00e9cnico en lo que va de temporada para el Palmer Basket Mallorca Palma tras Marco Justo, Pablo Rosado y Lucas Victoriano.<\/p>","protected":false},"excerpt":{"rendered":"<p>El Palmer Basket Mallorca Palma anunci\u00f3 la continuidad Juan Ignacio D\u00edez como t\u00e9cnico del conjunto balear hasta final de temporada. Juan Ignacio D\u00edez lleg\u00f3 al Palmer Basket Mallorca Palma como entrenador ayudante de Lucas Victoriano. La destituci\u00f3n del t\u00e9cnico argentino, tras la hist\u00f3rica derrota ante el Monbus Obradoiro (45-115), supuso que Juan Ignacio D\u00edez se&hellip;&nbsp;<a href=\"https:\/\/gijonbasket.com\/en\/2026\/01\/08\/juan-ignacio-diez-confirmado-como-tecnico-del-palmer-basket-mallorca-palma\/\" class=\"\" rel=\"bookmark\">Read More &raquo;<span class=\"screen-reader-text\">Juan Ignacio D\u00edez confirmado como t\u00e9cnico del Palmer Basket Mallorca Palma<\/span><\/a><\/p>","protected":false},"author":2,"featured_media":0,"comment_status":"open","ping_status":"open","sticky":false,"template":"","format":"standard","meta":{"neve_meta_sidebar":"","neve_meta_container":"","neve_meta_enable_content_width":"","neve_meta_content_width":0,"neve_meta_title_alignment":"","neve_meta_author_avatar":"","neve_post_elements_order":"","neve_meta_disable_header":"","neve_meta_disable_footer":"","neve_meta_disable_title":"","footnotes":""},"categories":[4],"tags":[],"class_list":["post-9651","post","type-post","status-publish","format-standard","hentry","category-noticias"],"yoast_head":"<!-- This site is optimized with the Yoast SEO plugin v23.4 - https:\/\/yoast.com\/wordpress\/plugins\/seo\/ -->\n<title>Juan Ignacio D\u00edez confirmado como t\u00e9cnico del Palmer Basket Mallorca Palma - gijonbasket<\/title>\n<meta name=\"robots\" content=\"index, follow, max-snippet:-1, max-image-preview:large, max-video-preview:-1\" \/>\n<link rel=\"canonical\" href=\"https:\/\/gijonbasket.com\/en\/2026\/01\/08\/juan-ignacio-diez-confirmado-como-tecnico-del-palmer-basket-mallorca-palma\/\" \/>\n<meta property=\"og:locale\" content=\"en_US\" \/>\n<meta property=\"og:type\" content=\"article\" \/>\n<meta property=\"og:title\" content=\"Juan Ignacio D\u00edez confirmado como t\u00e9cnico del Palmer Basket Mallorca Palma - gijonbasket\" \/>\n<meta property=\"og:description\" content=\"El Palmer Basket Mallorca Palma anunci\u00f3 la continuidad Juan Ignacio D\u00edez como t\u00e9cnico del conjunto balear hasta final de temporada. Juan Ignacio D\u00edez lleg\u00f3 al Palmer Basket Mallorca Palma como entrenador ayudante de Lucas Victoriano. La destituci\u00f3n del t\u00e9cnico argentino, tras la hist\u00f3rica derrota ante el Monbus Obradoiro (45-115), supuso que Juan Ignacio D\u00edez se&hellip;&nbsp;Read More &raquo;Juan Ignacio D\u00edez confirmado como t\u00e9cnico del Palmer Basket Mallorca Palma\" \/>\n<meta property=\"og:url\" content=\"https:\/\/gijonbasket.com\/en\/2026\/01\/08\/juan-ignacio-diez-confirmado-como-tecnico-del-palmer-basket-mallorca-palma\/\" \/>\n<meta property=\"og:site_name\" content=\"gijonbasket\" \/>\n<meta property=\"article:published_time\" content=\"2026-01-08T18:15:05+00:00\" \/>\n<meta property=\"article:modified_time\" content=\"2026-01-08T18:18:21+00:00\" \/>\n<meta name=\"author\" content=\"Cesar Morales\" \/>\n<meta name=\"twitter:card\" content=\"summary_large_image\" \/>\n<meta name=\"twitter:label1\" content=\"Written by\" \/>\n\t<meta name=\"twitter:data1\" content=\"Cesar Morales\" \/>\n\t<meta name=\"twitter:label2\" content=\"Est. reading time\" \/>\n\t<meta name=\"twitter:data2\" content=\"1 minute\" \/>\n<script type=\"application\/ld+json\" class=\"yoast-schema-graph\">{\"@context\":\"https:\/\/schema.org\",\"@graph\":[{\"@type\":\"Article\",\"@id\":\"https:\/\/gijonbasket.com\/2026\/01\/08\/juan-ignacio-diez-confirmado-como-tecnico-del-palmer-basket-mallorca-palma\/#article\",\"isPartOf\":{\"@id\":\"https:\/\/gijonbasket.com\/2026\/01\/08\/juan-ignacio-diez-confirmado-como-tecnico-del-palmer-basket-mallorca-palma\/\"},\"author\":{\"name\":\"Cesar Morales\",\"@id\":\"https:\/\/gijonbasket.com\/#\/schema\/person\/91af9ff03e8eab582ccc344b715907c0\"},\"headline\":\"Juan Ignacio D\u00edez confirmado como t\u00e9cnico del Palmer Basket Mallorca Palma\",\"datePublished\":\"2026-01-08T18:15:05+00:00\",\"dateModified\":\"2026-01-08T18:18:21+00:00\",\"mainEntityOfPage\":{\"@id\":\"https:\/\/gijonbasket.com\/2026\/01\/08\/juan-ignacio-diez-confirmado-como-tecnico-del-palmer-basket-mallorca-palma\/\"},\"wordCount\":171,\"commentCount\":0,\"publisher\":{\"@id\":\"https:\/\/gijonbasket.com\/#organization\"},\"articleSection\":[\"noticias\"],\"inLanguage\":\"en-US\",\"potentialAction\":[{\"@type\":\"CommentAction\",\"name\":\"Comment\",\"target\":[\"https:\/\/gijonbasket.com\/2026\/01\/08\/juan-ignacio-diez-confirmado-como-tecnico-del-palmer-basket-mallorca-palma\/#respond\"]}]},{\"@type\":\"WebPage\",\"@id\":\"https:\/\/gijonbasket.com\/2026\/01\/08\/juan-ignacio-diez-confirmado-como-tecnico-del-palmer-basket-mallorca-palma\/\",\"url\":\"https:\/\/gijonbasket.com\/2026\/01\/08\/juan-ignacio-diez-confirmado-como-tecnico-del-palmer-basket-mallorca-palma\/\",\"name\":\"Juan Ignacio D\u00edez confirmado como t\u00e9cnico del Palmer Basket Mallorca Palma - gijonbasket\",\"isPartOf\":{\"@id\":\"https:\/\/gijonbasket.com\/#website\"},\"datePublished\":\"2026-01-08T18:15:05+00:00\",\"dateModified\":\"2026-01-08T18:18:21+00:00\",\"breadcrumb\":{\"@id\":\"https:\/\/gijonbasket.com\/2026\/01\/08\/juan-ignacio-diez-confirmado-como-tecnico-del-palmer-basket-mallorca-palma\/#breadcrumb\"},\"inLanguage\":\"en-US\",\"potentialAction\":[{\"@type\":\"ReadAction\",\"target\":[\"https:\/\/gijonbasket.com\/2026\/01\/08\/juan-ignacio-diez-confirmado-como-tecnico-del-palmer-basket-mallorca-palma\/\"]}]},{\"@type\":\"BreadcrumbList\",\"@id\":\"https:\/\/gijonbasket.com\/2026\/01\/08\/juan-ignacio-diez-confirmado-como-tecnico-del-palmer-basket-mallorca-palma\/#breadcrumb\",\"itemListElement\":[{\"@type\":\"ListItem\",\"position\":1,\"name\":\"Portada\",\"item\":\"https:\/\/gijonbasket.com\/\"},{\"@type\":\"ListItem\",\"position\":2,\"name\":\"Juan Ignacio D\u00edez confirmado como t\u00e9cnico del Palmer Basket Mallorca Palma\"}]},{\"@type\":\"WebSite\",\"@id\":\"https:\/\/gijonbasket.com\/#website\",\"url\":\"https:\/\/gijonbasket.com\/\",\"name\":\"gijonbasket\",\"description\":\"\",\"publisher\":{\"@id\":\"https:\/\/gijonbasket.com\/#organization\"},\"potentialAction\":[{\"@type\":\"SearchAction\",\"target\":{\"@type\":\"EntryPoint\",\"urlTemplate\":\"https:\/\/gijonbasket.com\/?s={search_term_string}\"},\"query-input\":{\"@type\":\"PropertyValueSpecification\",\"valueRequired\":true,\"valueName\":\"search_term_string\"}}],\"inLanguage\":\"en-US\"},{\"@type\":\"Organization\",\"@id\":\"https:\/\/gijonbasket.com\/#organization\",\"name\":\"gijonbasket\",\"url\":\"https:\/\/gijonbasket.com\/\",\"logo\":{\"@type\":\"ImageObject\",\"inLanguage\":\"en-US\",\"@id\":\"https:\/\/gijonbasket.com\/#\/schema\/logo\/image\/\",\"url\":\"https:\/\/gijonbasket.com\/wp-content\/uploads\/2023\/03\/LogoGijonBasket2.jpg\",\"contentUrl\":\"https:\/\/gijonbasket.com\/wp-content\/uploads\/2023\/03\/LogoGijonBasket2.jpg\",\"width\":2000,\"height\":550,\"caption\":\"gijonbasket\"},\"image\":{\"@id\":\"https:\/\/gijonbasket.com\/#\/schema\/logo\/image\/\"}},{\"@type\":\"Person\",\"@id\":\"https:\/\/gijonbasket.com\/#\/schema\/person\/91af9ff03e8eab582ccc344b715907c0\",\"name\":\"Cesar Morales\",\"image\":{\"@type\":\"ImageObject\",\"inLanguage\":\"en-US\",\"@id\":\"https:\/\/gijonbasket.com\/#\/schema\/person\/image\/\",\"url\":\"https:\/\/secure.gravatar.com\/avatar\/ab9ddf1e87f7580cae3deefb05a58c5cf4f0c7f96f033fd7dacc23f0e8d149ca?s=96&d=mm&r=g\",\"contentUrl\":\"https:\/\/secure.gravatar.com\/avatar\/ab9ddf1e87f7580cae3deefb05a58c5cf4f0c7f96f033fd7dacc23f0e8d149ca?s=96&d=mm&r=g\",\"caption\":\"Cesar Morales\"},\"url\":\"https:\/\/gijonbasket.com\/en\/author\/cesar\/\"}]}<\/script>\n<!-- \/ Yoast SEO plugin. -->","yoast_head_json":{"title":"Juan Ignacio D\u00edez confirmado como t\u00e9cnico del Palmer Basket Mallorca Palma - gijonbasket","robots":{"index":"index","follow":"follow","max-snippet":"max-snippet:-1","max-image-preview":"max-image-preview:large","max-video-preview":"max-video-preview:-1"},"canonical":"https:\/\/gijonbasket.com\/en\/2026\/01\/08\/juan-ignacio-diez-confirmado-como-tecnico-del-palmer-basket-mallorca-palma\/","og_locale":"en_US","og_type":"article","og_title":"Juan Ignacio D\u00edez confirmado como t\u00e9cnico del Palmer Basket Mallorca Palma - gijonbasket","og_description":"El Palmer Basket Mallorca Palma anunci\u00f3 la continuidad Juan Ignacio D\u00edez como t\u00e9cnico del conjunto balear hasta final de temporada. Juan Ignacio D\u00edez lleg\u00f3 al Palmer Basket Mallorca Palma como entrenador ayudante de Lucas Victoriano. La destituci\u00f3n del t\u00e9cnico argentino, tras la hist\u00f3rica derrota ante el Monbus Obradoiro (45-115), supuso que Juan Ignacio D\u00edez se&hellip;&nbsp;Read More &raquo;Juan Ignacio D\u00edez confirmado como t\u00e9cnico del Palmer Basket Mallorca Palma","og_url":"https:\/\/gijonbasket.com\/en\/2026\/01\/08\/juan-ignacio-diez-confirmado-como-tecnico-del-palmer-basket-mallorca-palma\/","og_site_name":"gijonbasket","article_published_time":"2026-01-08T18:15:05+00:00","article_modified_time":"2026-01-08T18:18:21+00:00","author":"Cesar Morales","twitter_card":"summary_large_image","twitter_misc":{"Written by":"Cesar Morales","Est. reading time":"1 minute"},"schema":{"@context":"https:\/\/schema.org","@graph":[{"@type":"Article","@id":"https:\/\/gijonbasket.com\/2026\/01\/08\/juan-ignacio-diez-confirmado-como-tecnico-del-palmer-basket-mallorca-palma\/#article","isPartOf":{"@id":"https:\/\/gijonbasket.com\/2026\/01\/08\/juan-ignacio-diez-confirmado-como-tecnico-del-palmer-basket-mallorca-palma\/"},"author":{"name":"Cesar Morales","@id":"https:\/\/gijonbasket.com\/#\/schema\/person\/91af9ff03e8eab582ccc344b715907c0"},"headline":"Juan Ignacio D\u00edez confirmado como t\u00e9cnico del Palmer Basket Mallorca Palma","datePublished":"2026-01-08T18:15:05+00:00","dateModified":"2026-01-08T18:18:21+00:00","mainEntityOfPage":{"@id":"https:\/\/gijonbasket.com\/2026\/01\/08\/juan-ignacio-diez-confirmado-como-tecnico-del-palmer-basket-mallorca-palma\/"},"wordCount":171,"commentCount":0,"publisher":{"@id":"https:\/\/gijonbasket.com\/#organization"},"articleSection":["noticias"],"inLanguage":"en-US","potentialAction":[{"@type":"CommentAction","name":"Comment","target":["https:\/\/gijonbasket.com\/2026\/01\/08\/juan-ignacio-diez-confirmado-como-tecnico-del-palmer-basket-mallorca-palma\/#respond"]}]},{"@type":"WebPage","@id":"https:\/\/gijonbasket.com\/2026\/01\/08\/juan-ignacio-diez-confirmado-como-tecnico-del-palmer-basket-mallorca-palma\/","url":"https:\/\/gijonbasket.com\/2026\/01\/08\/juan-ignacio-diez-confirmado-como-tecnico-del-palmer-basket-mallorca-palma\/","name":"Juan Ignacio D\u00edez confirmado como t\u00e9cnico del Palmer Basket Mallorca Palma - gijonbasket","isPartOf":{"@id":"https:\/\/gijonbasket.com\/#website"},"datePublished":"2026-01-08T18:15:05+00:00","dateModified":"2026-01-08T18:18:21+00:00","breadcrumb":{"@id":"https:\/\/gijonbasket.com\/2026\/01\/08\/juan-ignacio-diez-confirmado-como-tecnico-del-palmer-basket-mallorca-palma\/#breadcrumb"},"inLanguage":"en-US","potentialAction":[{"@type":"ReadAction","target":["https:\/\/gijonbasket.com\/2026\/01\/08\/juan-ignacio-diez-confirmado-como-tecnico-del-palmer-basket-mallorca-palma\/"]}]},{"@type":"BreadcrumbList","@id":"https:\/\/gijonbasket.com\/2026\/01\/08\/juan-ignacio-diez-confirmado-como-tecnico-del-palmer-basket-mallorca-palma\/#breadcrumb","itemListElement":[{"@type":"ListItem","position":1,"name":"Portada","item":"https:\/\/gijonbasket.com\/"},{"@type":"ListItem","position":2,"name":"Juan Ignacio D\u00edez confirmado como t\u00e9cnico del Palmer Basket Mallorca Palma"}]},{"@type":"WebSite","@id":"https:\/\/gijonbasket.com\/#website","url":"https:\/\/gijonbasket.com\/","name":"gijonbasket","description":"","publisher":{"@id":"https:\/\/gijonbasket.com\/#organization"},"potentialAction":[{"@type":"SearchAction","target":{"@type":"EntryPoint","urlTemplate":"https:\/\/gijonbasket.com\/?s={search_term_string}"},"query-input":{"@type":"PropertyValueSpecification","valueRequired":true,"valueName":"search_term_string"}}],"inLanguage":"en-US"},{"@type":"Organization","@id":"https:\/\/gijonbasket.com\/#organization","name":"gijonbasket","url":"https:\/\/gijonbasket.com\/","logo":{"@type":"ImageObject","inLanguage":"en-US","@id":"https:\/\/gijonbasket.com\/#\/schema\/logo\/image\/","url":"https:\/\/gijonbasket.com\/wp-content\/uploads\/2023\/03\/LogoGijonBasket2.jpg","contentUrl":"https:\/\/gijonbasket.com\/wp-content\/uploads\/2023\/03\/LogoGijonBasket2.jpg","width":2000,"height":550,"caption":"gijonbasket"},"image":{"@id":"https:\/\/gijonbasket.com\/#\/schema\/logo\/image\/"}},{"@type":"Person","@id":"https:\/\/gijonbasket.com\/#\/schema\/person\/91af9ff03e8eab582ccc344b715907c0","name":"Cesar Morales","image":{"@type":"ImageObject","inLanguage":"en-US","@id":"https:\/\/gijonbasket.com\/#\/schema\/person\/image\/","url":"https:\/\/secure.gravatar.com\/avatar\/ab9ddf1e87f7580cae3deefb05a58c5cf4f0c7f96f033fd7dacc23f0e8d149ca?s=96&d=mm&r=g","contentUrl":"https:\/\/secure.gravatar.com\/avatar\/ab9ddf1e87f7580cae3deefb05a58c5cf4f0c7f96f033fd7dacc23f0e8d149ca?s=96&d=mm&r=g","caption":"Cesar Morales"},"url":"https:\/\/gijonbasket.com\/en\/author\/cesar\/"}]}},"_links":{"self":[{"href":"https:\/\/gijonbasket.com\/en\/wp-json\/wp\/v2\/posts\/9651","targetHints":{"allow":["GET"]}}],"collection":[{"href":"https:\/\/gijonbasket.com\/en\/wp-json\/wp\/v2\/posts"}],"about":[{"href":"https:\/\/gijonbasket.com\/en\/wp-json\/wp\/v2\/types\/post"}],"author":[{"embeddable":true,"href":"https:\/\/gijonbasket.com\/en\/wp-json\/wp\/v2\/users\/2"}],"replies":[{"embeddable":true,"href":"https:\/\/gijonbasket.com\/en\/wp-json\/wp\/v2\/comments?post=9651"}],"version-history":[{"count":2,"href":"https:\/\/gijonbasket.com\/en\/wp-json\/wp\/v2\/posts\/9651\/revisions"}],"predecessor-version":[{"id":9654,"href":"https:\/\/gijonbasket.com\/en\/wp-json\/wp\/v2\/posts\/9651\/revisions\/9654"}],"wp:attachment":[{"href":"https:\/\/gijonbasket.com\/en\/wp-json\/wp\/v2\/media?parent=9651"}],"wp:term":[{"taxonomy":"category","embeddable":true,"href":"https:\/\/gijonbasket.com\/en\/wp-json\/wp\/v2\/categories?post=9651"},{"taxonomy":"post_tag","embeddable":true,"href":"https:\/\/gijonbasket.com\/en\/wp-json\/wp\/v2\/tags?post=9651"}],"curies":[{"name":"wp","href":"https:\/\/api.w.org\/{rel}","templated":true}]}}