{"id":9666,"date":"2026-01-09T17:35:05","date_gmt":"2026-01-09T16:35:05","guid":{"rendered":"https:\/\/gijonbasket.com\/?p=9666"},"modified":"2026-01-09T17:35:06","modified_gmt":"2026-01-09T16:35:06","slug":"jeronimo-luis-del-circulo-gijon-baloncesto-al-ucoga-seguros-c-b-chantada","status":"publish","type":"post","link":"https:\/\/gijonbasket.com\/en\/2026\/01\/09\/jeronimo-luis-del-circulo-gijon-baloncesto-al-ucoga-seguros-c-b-chantada\/","title":{"rendered":"Jer\u00f3nimo Luis del C\u00edrculo Gij\u00f3n Baloncesto al Ucoga Seguros C.B. Chantada"},"content":{"rendered":"<p>Nueva baja en el C\u00edrculo Gij\u00f3n Baloncesto, con la temporada en curso, siendo Jer\u00f3nimo Luis qui\u00e9n abandona el conjunto geom\u00e9trico para recalar en el Ucoga Seguros C.B. Chantada.<\/p>\n\n\n\n<p>Jer\u00f3nimo Luis se suma a las bajas de Alfonso del Busto, Sherif Idris y Alberto D\u00edaz.<\/p>\n\n\n\n<p>Alero angole\u00f1o de 26 a\u00f1os y 1.97 m. que cumpl\u00eda su primera temporada en el C\u00edrculo Gij\u00f3n Baloncesto.<\/p>\n\n\n\n<p>Esta temporada con el C\u00edrculo Gij\u00f3n Baloncesto, Jer\u00f3nimo Luis firm\u00f3 unas estad\u00edsticas de 3.8 ppp; 3.7 rpp (Temporada Regular) y 3 ppp; 3 rpp (Copa Espa\u00f1a).<\/p>\n\n\n\n<p>Jer\u00f3nimo Luis regres\u00f3 a Gij\u00f3n para militar en el C\u00edrculo Gij\u00f3n Baloncesto, tras haber defendido los colores de Tartiere Auto Gij\u00f3n Basket, en la temporada 2023\/2024. Su llegada al conjunto rojiblanco, no pudo evitar el descenso de categor\u00eda, pero demostr\u00f3 toda su calidad con unas medias de 14.7 ppp; 9.2 rpp.<\/p>\n\n\n\n<p>Previo a su llegada a Tartiere Auto Gij\u00f3n Basket (2023\/2024), Jer\u00f3nimo Luis destac\u00f3 en Portugal militando en Sangalhos DC en la temporada 2022\/2023 donde promedi\u00f3 12.1 ppp; 7.2 rpp.<\/p>\n\n\n\n<p>Internacional por Angola.<\/p>\n\n\n<div class=\"wp-block-image\">\n<figure class=\"aligncenter size-large\"><img fetchpriority=\"high\" decoding=\"async\" width=\"682\" height=\"1024\" src=\"https:\/\/gijonbasket.com\/wp-content\/uploads\/2026\/01\/image-1-682x1024.png\" alt=\"\" class=\"wp-image-9668\" srcset=\"https:\/\/gijonbasket.com\/wp-content\/uploads\/2026\/01\/image-1-682x1024.png 682w, https:\/\/gijonbasket.com\/wp-content\/uploads\/2026\/01\/image-1-200x300.png 200w, https:\/\/gijonbasket.com\/wp-content\/uploads\/2026\/01\/image-1-768x1153.png 768w, https:\/\/gijonbasket.com\/wp-content\/uploads\/2026\/01\/image-1-1023x1536.png 1023w, https:\/\/gijonbasket.com\/wp-content\/uploads\/2026\/01\/image-1-8x12.png 8w, https:\/\/gijonbasket.com\/wp-content\/uploads\/2026\/01\/image-1.png 1280w\" sizes=\"(max-width: 682px) 100vw, 682px\" \/><\/figure>\n<\/div>","protected":false},"excerpt":{"rendered":"<p>Nueva baja en el C\u00edrculo Gij\u00f3n Baloncesto, con la temporada en curso, siendo Jer\u00f3nimo Luis qui\u00e9n abandona el conjunto geom\u00e9trico para recalar en el Ucoga Seguros C.B. Chantada. Jer\u00f3nimo Luis se suma a las bajas de Alfonso del Busto, Sherif Idris y Alberto D\u00edaz. Alero angole\u00f1o de 26 a\u00f1os y 1.97 m. que cumpl\u00eda su&hellip;&nbsp;<a href=\"https:\/\/gijonbasket.com\/en\/2026\/01\/09\/jeronimo-luis-del-circulo-gijon-baloncesto-al-ucoga-seguros-c-b-chantada\/\" class=\"\" rel=\"bookmark\">Read More &raquo;<span class=\"screen-reader-text\">Jer\u00f3nimo Luis del C\u00edrculo Gij\u00f3n Baloncesto al Ucoga Seguros C.B. Chantada<\/span><\/a><\/p>","protected":false},"author":2,"featured_media":0,"comment_status":"open","ping_status":"open","sticky":false,"template":"","format":"standard","meta":{"neve_meta_sidebar":"","neve_meta_container":"","neve_meta_enable_content_width":"","neve_meta_content_width":0,"neve_meta_title_alignment":"","neve_meta_author_avatar":"","neve_post_elements_order":"","neve_meta_disable_header":"","neve_meta_disable_footer":"","neve_meta_disable_title":"","footnotes":""},"categories":[4],"tags":[],"class_list":["post-9666","post","type-post","status-publish","format-standard","hentry","category-noticias"],"yoast_head":"<!-- This site is optimized with the Yoast SEO plugin v23.4 - https:\/\/yoast.com\/wordpress\/plugins\/seo\/ -->\n<title>Jer\u00f3nimo Luis del C\u00edrculo Gij\u00f3n Baloncesto al Ucoga Seguros C.B. Chantada - gijonbasket<\/title>\n<meta name=\"robots\" content=\"index, follow, max-snippet:-1, max-image-preview:large, max-video-preview:-1\" \/>\n<link rel=\"canonical\" href=\"https:\/\/gijonbasket.com\/en\/2026\/01\/09\/jeronimo-luis-del-circulo-gijon-baloncesto-al-ucoga-seguros-c-b-chantada\/\" \/>\n<meta property=\"og:locale\" content=\"en_US\" \/>\n<meta property=\"og:type\" content=\"article\" \/>\n<meta property=\"og:title\" content=\"Jer\u00f3nimo Luis del C\u00edrculo Gij\u00f3n Baloncesto al Ucoga Seguros C.B. Chantada - gijonbasket\" \/>\n<meta property=\"og:description\" content=\"Nueva baja en el C\u00edrculo Gij\u00f3n Baloncesto, con la temporada en curso, siendo Jer\u00f3nimo Luis qui\u00e9n abandona el conjunto geom\u00e9trico para recalar en el Ucoga Seguros C.B. Chantada. Jer\u00f3nimo Luis se suma a las bajas de Alfonso del Busto, Sherif Idris y Alberto D\u00edaz. Alero angole\u00f1o de 26 a\u00f1os y 1.97 m. que cumpl\u00eda su&hellip;&nbsp;Read More &raquo;Jer\u00f3nimo Luis del C\u00edrculo Gij\u00f3n Baloncesto al Ucoga Seguros C.B. Chantada\" \/>\n<meta property=\"og:url\" content=\"https:\/\/gijonbasket.com\/en\/2026\/01\/09\/jeronimo-luis-del-circulo-gijon-baloncesto-al-ucoga-seguros-c-b-chantada\/\" \/>\n<meta property=\"og:site_name\" content=\"gijonbasket\" \/>\n<meta property=\"article:published_time\" content=\"2026-01-09T16:35:05+00:00\" \/>\n<meta property=\"article:modified_time\" content=\"2026-01-09T16:35:06+00:00\" \/>\n<meta property=\"og:image\" content=\"https:\/\/gijonbasket.com\/wp-content\/uploads\/2026\/01\/image-1-682x1024.png\" \/>\n<meta name=\"author\" content=\"Cesar Morales\" \/>\n<meta name=\"twitter:card\" content=\"summary_large_image\" \/>\n<meta name=\"twitter:label1\" content=\"Written by\" \/>\n\t<meta name=\"twitter:data1\" content=\"Cesar Morales\" \/>\n\t<meta name=\"twitter:label2\" content=\"Est. reading time\" \/>\n\t<meta name=\"twitter:data2\" content=\"1 minute\" \/>\n<script type=\"application\/ld+json\" class=\"yoast-schema-graph\">{\"@context\":\"https:\/\/schema.org\",\"@graph\":[{\"@type\":\"Article\",\"@id\":\"https:\/\/gijonbasket.com\/2026\/01\/09\/jeronimo-luis-del-circulo-gijon-baloncesto-al-ucoga-seguros-c-b-chantada\/#article\",\"isPartOf\":{\"@id\":\"https:\/\/gijonbasket.com\/2026\/01\/09\/jeronimo-luis-del-circulo-gijon-baloncesto-al-ucoga-seguros-c-b-chantada\/\"},\"author\":{\"name\":\"Cesar Morales\",\"@id\":\"https:\/\/gijonbasket.com\/#\/schema\/person\/91af9ff03e8eab582ccc344b715907c0\"},\"headline\":\"Jer\u00f3nimo Luis del C\u00edrculo Gij\u00f3n Baloncesto al Ucoga Seguros C.B. Chantada\",\"datePublished\":\"2026-01-09T16:35:05+00:00\",\"dateModified\":\"2026-01-09T16:35:06+00:00\",\"mainEntityOfPage\":{\"@id\":\"https:\/\/gijonbasket.com\/2026\/01\/09\/jeronimo-luis-del-circulo-gijon-baloncesto-al-ucoga-seguros-c-b-chantada\/\"},\"wordCount\":199,\"commentCount\":0,\"publisher\":{\"@id\":\"https:\/\/gijonbasket.com\/#organization\"},\"image\":{\"@id\":\"https:\/\/gijonbasket.com\/2026\/01\/09\/jeronimo-luis-del-circulo-gijon-baloncesto-al-ucoga-seguros-c-b-chantada\/#primaryimage\"},\"thumbnailUrl\":\"https:\/\/gijonbasket.com\/wp-content\/uploads\/2026\/01\/image-1-682x1024.png\",\"articleSection\":[\"noticias\"],\"inLanguage\":\"en-US\",\"potentialAction\":[{\"@type\":\"CommentAction\",\"name\":\"Comment\",\"target\":[\"https:\/\/gijonbasket.com\/2026\/01\/09\/jeronimo-luis-del-circulo-gijon-baloncesto-al-ucoga-seguros-c-b-chantada\/#respond\"]}]},{\"@type\":\"WebPage\",\"@id\":\"https:\/\/gijonbasket.com\/2026\/01\/09\/jeronimo-luis-del-circulo-gijon-baloncesto-al-ucoga-seguros-c-b-chantada\/\",\"url\":\"https:\/\/gijonbasket.com\/2026\/01\/09\/jeronimo-luis-del-circulo-gijon-baloncesto-al-ucoga-seguros-c-b-chantada\/\",\"name\":\"Jer\u00f3nimo Luis del C\u00edrculo Gij\u00f3n Baloncesto al Ucoga Seguros C.B. Chantada - gijonbasket\",\"isPartOf\":{\"@id\":\"https:\/\/gijonbasket.com\/#website\"},\"primaryImageOfPage\":{\"@id\":\"https:\/\/gijonbasket.com\/2026\/01\/09\/jeronimo-luis-del-circulo-gijon-baloncesto-al-ucoga-seguros-c-b-chantada\/#primaryimage\"},\"image\":{\"@id\":\"https:\/\/gijonbasket.com\/2026\/01\/09\/jeronimo-luis-del-circulo-gijon-baloncesto-al-ucoga-seguros-c-b-chantada\/#primaryimage\"},\"thumbnailUrl\":\"https:\/\/gijonbasket.com\/wp-content\/uploads\/2026\/01\/image-1-682x1024.png\",\"datePublished\":\"2026-01-09T16:35:05+00:00\",\"dateModified\":\"2026-01-09T16:35:06+00:00\",\"breadcrumb\":{\"@id\":\"https:\/\/gijonbasket.com\/2026\/01\/09\/jeronimo-luis-del-circulo-gijon-baloncesto-al-ucoga-seguros-c-b-chantada\/#breadcrumb\"},\"inLanguage\":\"en-US\",\"potentialAction\":[{\"@type\":\"ReadAction\",\"target\":[\"https:\/\/gijonbasket.com\/2026\/01\/09\/jeronimo-luis-del-circulo-gijon-baloncesto-al-ucoga-seguros-c-b-chantada\/\"]}]},{\"@type\":\"ImageObject\",\"inLanguage\":\"en-US\",\"@id\":\"https:\/\/gijonbasket.com\/2026\/01\/09\/jeronimo-luis-del-circulo-gijon-baloncesto-al-ucoga-seguros-c-b-chantada\/#primaryimage\",\"url\":\"https:\/\/gijonbasket.com\/wp-content\/uploads\/2026\/01\/image-1-682x1024.png\",\"contentUrl\":\"https:\/\/gijonbasket.com\/wp-content\/uploads\/2026\/01\/image-1-682x1024.png\"},{\"@type\":\"BreadcrumbList\",\"@id\":\"https:\/\/gijonbasket.com\/2026\/01\/09\/jeronimo-luis-del-circulo-gijon-baloncesto-al-ucoga-seguros-c-b-chantada\/#breadcrumb\",\"itemListElement\":[{\"@type\":\"ListItem\",\"position\":1,\"name\":\"Portada\",\"item\":\"https:\/\/gijonbasket.com\/\"},{\"@type\":\"ListItem\",\"position\":2,\"name\":\"Jer\u00f3nimo Luis del C\u00edrculo Gij\u00f3n Baloncesto al Ucoga Seguros C.B. Chantada\"}]},{\"@type\":\"WebSite\",\"@id\":\"https:\/\/gijonbasket.com\/#website\",\"url\":\"https:\/\/gijonbasket.com\/\",\"name\":\"gijonbasket\",\"description\":\"\",\"publisher\":{\"@id\":\"https:\/\/gijonbasket.com\/#organization\"},\"potentialAction\":[{\"@type\":\"SearchAction\",\"target\":{\"@type\":\"EntryPoint\",\"urlTemplate\":\"https:\/\/gijonbasket.com\/?s={search_term_string}\"},\"query-input\":{\"@type\":\"PropertyValueSpecification\",\"valueRequired\":true,\"valueName\":\"search_term_string\"}}],\"inLanguage\":\"en-US\"},{\"@type\":\"Organization\",\"@id\":\"https:\/\/gijonbasket.com\/#organization\",\"name\":\"gijonbasket\",\"url\":\"https:\/\/gijonbasket.com\/\",\"logo\":{\"@type\":\"ImageObject\",\"inLanguage\":\"en-US\",\"@id\":\"https:\/\/gijonbasket.com\/#\/schema\/logo\/image\/\",\"url\":\"https:\/\/gijonbasket.com\/wp-content\/uploads\/2023\/03\/LogoGijonBasket2.jpg\",\"contentUrl\":\"https:\/\/gijonbasket.com\/wp-content\/uploads\/2023\/03\/LogoGijonBasket2.jpg\",\"width\":2000,\"height\":550,\"caption\":\"gijonbasket\"},\"image\":{\"@id\":\"https:\/\/gijonbasket.com\/#\/schema\/logo\/image\/\"}},{\"@type\":\"Person\",\"@id\":\"https:\/\/gijonbasket.com\/#\/schema\/person\/91af9ff03e8eab582ccc344b715907c0\",\"name\":\"Cesar Morales\",\"image\":{\"@type\":\"ImageObject\",\"inLanguage\":\"en-US\",\"@id\":\"https:\/\/gijonbasket.com\/#\/schema\/person\/image\/\",\"url\":\"https:\/\/secure.gravatar.com\/avatar\/ab9ddf1e87f7580cae3deefb05a58c5cf4f0c7f96f033fd7dacc23f0e8d149ca?s=96&d=mm&r=g\",\"contentUrl\":\"https:\/\/secure.gravatar.com\/avatar\/ab9ddf1e87f7580cae3deefb05a58c5cf4f0c7f96f033fd7dacc23f0e8d149ca?s=96&d=mm&r=g\",\"caption\":\"Cesar Morales\"},\"url\":\"https:\/\/gijonbasket.com\/en\/author\/cesar\/\"}]}<\/script>\n<!-- \/ Yoast SEO plugin. -->","yoast_head_json":{"title":"Jer\u00f3nimo Luis del C\u00edrculo Gij\u00f3n Baloncesto al Ucoga Seguros C.B. Chantada - gijonbasket","robots":{"index":"index","follow":"follow","max-snippet":"max-snippet:-1","max-image-preview":"max-image-preview:large","max-video-preview":"max-video-preview:-1"},"canonical":"https:\/\/gijonbasket.com\/en\/2026\/01\/09\/jeronimo-luis-del-circulo-gijon-baloncesto-al-ucoga-seguros-c-b-chantada\/","og_locale":"en_US","og_type":"article","og_title":"Jer\u00f3nimo Luis del C\u00edrculo Gij\u00f3n Baloncesto al Ucoga Seguros C.B. Chantada - gijonbasket","og_description":"Nueva baja en el C\u00edrculo Gij\u00f3n Baloncesto, con la temporada en curso, siendo Jer\u00f3nimo Luis qui\u00e9n abandona el conjunto geom\u00e9trico para recalar en el Ucoga Seguros C.B. Chantada. Jer\u00f3nimo Luis se suma a las bajas de Alfonso del Busto, Sherif Idris y Alberto D\u00edaz. Alero angole\u00f1o de 26 a\u00f1os y 1.97 m. que cumpl\u00eda su&hellip;&nbsp;Read More &raquo;Jer\u00f3nimo Luis del C\u00edrculo Gij\u00f3n Baloncesto al Ucoga Seguros C.B. Chantada","og_url":"https:\/\/gijonbasket.com\/en\/2026\/01\/09\/jeronimo-luis-del-circulo-gijon-baloncesto-al-ucoga-seguros-c-b-chantada\/","og_site_name":"gijonbasket","article_published_time":"2026-01-09T16:35:05+00:00","article_modified_time":"2026-01-09T16:35:06+00:00","og_image":[{"url":"https:\/\/gijonbasket.com\/wp-content\/uploads\/2026\/01\/image-1-682x1024.png"}],"author":"Cesar Morales","twitter_card":"summary_large_image","twitter_misc":{"Written by":"Cesar Morales","Est. reading time":"1 minute"},"schema":{"@context":"https:\/\/schema.org","@graph":[{"@type":"Article","@id":"https:\/\/gijonbasket.com\/2026\/01\/09\/jeronimo-luis-del-circulo-gijon-baloncesto-al-ucoga-seguros-c-b-chantada\/#article","isPartOf":{"@id":"https:\/\/gijonbasket.com\/2026\/01\/09\/jeronimo-luis-del-circulo-gijon-baloncesto-al-ucoga-seguros-c-b-chantada\/"},"author":{"name":"Cesar Morales","@id":"https:\/\/gijonbasket.com\/#\/schema\/person\/91af9ff03e8eab582ccc344b715907c0"},"headline":"Jer\u00f3nimo Luis del C\u00edrculo Gij\u00f3n Baloncesto al Ucoga Seguros C.B. Chantada","datePublished":"2026-01-09T16:35:05+00:00","dateModified":"2026-01-09T16:35:06+00:00","mainEntityOfPage":{"@id":"https:\/\/gijonbasket.com\/2026\/01\/09\/jeronimo-luis-del-circulo-gijon-baloncesto-al-ucoga-seguros-c-b-chantada\/"},"wordCount":199,"commentCount":0,"publisher":{"@id":"https:\/\/gijonbasket.com\/#organization"},"image":{"@id":"https:\/\/gijonbasket.com\/2026\/01\/09\/jeronimo-luis-del-circulo-gijon-baloncesto-al-ucoga-seguros-c-b-chantada\/#primaryimage"},"thumbnailUrl":"https:\/\/gijonbasket.com\/wp-content\/uploads\/2026\/01\/image-1-682x1024.png","articleSection":["noticias"],"inLanguage":"en-US","potentialAction":[{"@type":"CommentAction","name":"Comment","target":["https:\/\/gijonbasket.com\/2026\/01\/09\/jeronimo-luis-del-circulo-gijon-baloncesto-al-ucoga-seguros-c-b-chantada\/#respond"]}]},{"@type":"WebPage","@id":"https:\/\/gijonbasket.com\/2026\/01\/09\/jeronimo-luis-del-circulo-gijon-baloncesto-al-ucoga-seguros-c-b-chantada\/","url":"https:\/\/gijonbasket.com\/2026\/01\/09\/jeronimo-luis-del-circulo-gijon-baloncesto-al-ucoga-seguros-c-b-chantada\/","name":"Jer\u00f3nimo Luis del C\u00edrculo Gij\u00f3n Baloncesto al Ucoga Seguros C.B. Chantada - gijonbasket","isPartOf":{"@id":"https:\/\/gijonbasket.com\/#website"},"primaryImageOfPage":{"@id":"https:\/\/gijonbasket.com\/2026\/01\/09\/jeronimo-luis-del-circulo-gijon-baloncesto-al-ucoga-seguros-c-b-chantada\/#primaryimage"},"image":{"@id":"https:\/\/gijonbasket.com\/2026\/01\/09\/jeronimo-luis-del-circulo-gijon-baloncesto-al-ucoga-seguros-c-b-chantada\/#primaryimage"},"thumbnailUrl":"https:\/\/gijonbasket.com\/wp-content\/uploads\/2026\/01\/image-1-682x1024.png","datePublished":"2026-01-09T16:35:05+00:00","dateModified":"2026-01-09T16:35:06+00:00","breadcrumb":{"@id":"https:\/\/gijonbasket.com\/2026\/01\/09\/jeronimo-luis-del-circulo-gijon-baloncesto-al-ucoga-seguros-c-b-chantada\/#breadcrumb"},"inLanguage":"en-US","potentialAction":[{"@type":"ReadAction","target":["https:\/\/gijonbasket.com\/2026\/01\/09\/jeronimo-luis-del-circulo-gijon-baloncesto-al-ucoga-seguros-c-b-chantada\/"]}]},{"@type":"ImageObject","inLanguage":"en-US","@id":"https:\/\/gijonbasket.com\/2026\/01\/09\/jeronimo-luis-del-circulo-gijon-baloncesto-al-ucoga-seguros-c-b-chantada\/#primaryimage","url":"https:\/\/gijonbasket.com\/wp-content\/uploads\/2026\/01\/image-1-682x1024.png","contentUrl":"https:\/\/gijonbasket.com\/wp-content\/uploads\/2026\/01\/image-1-682x1024.png"},{"@type":"BreadcrumbList","@id":"https:\/\/gijonbasket.com\/2026\/01\/09\/jeronimo-luis-del-circulo-gijon-baloncesto-al-ucoga-seguros-c-b-chantada\/#breadcrumb","itemListElement":[{"@type":"ListItem","position":1,"name":"Portada","item":"https:\/\/gijonbasket.com\/"},{"@type":"ListItem","position":2,"name":"Jer\u00f3nimo Luis del C\u00edrculo Gij\u00f3n Baloncesto al Ucoga Seguros C.B. Chantada"}]},{"@type":"WebSite","@id":"https:\/\/gijonbasket.com\/#website","url":"https:\/\/gijonbasket.com\/","name":"gijonbasket","description":"","publisher":{"@id":"https:\/\/gijonbasket.com\/#organization"},"potentialAction":[{"@type":"SearchAction","target":{"@type":"EntryPoint","urlTemplate":"https:\/\/gijonbasket.com\/?s={search_term_string}"},"query-input":{"@type":"PropertyValueSpecification","valueRequired":true,"valueName":"search_term_string"}}],"inLanguage":"en-US"},{"@type":"Organization","@id":"https:\/\/gijonbasket.com\/#organization","name":"gijonbasket","url":"https:\/\/gijonbasket.com\/","logo":{"@type":"ImageObject","inLanguage":"en-US","@id":"https:\/\/gijonbasket.com\/#\/schema\/logo\/image\/","url":"https:\/\/gijonbasket.com\/wp-content\/uploads\/2023\/03\/LogoGijonBasket2.jpg","contentUrl":"https:\/\/gijonbasket.com\/wp-content\/uploads\/2023\/03\/LogoGijonBasket2.jpg","width":2000,"height":550,"caption":"gijonbasket"},"image":{"@id":"https:\/\/gijonbasket.com\/#\/schema\/logo\/image\/"}},{"@type":"Person","@id":"https:\/\/gijonbasket.com\/#\/schema\/person\/91af9ff03e8eab582ccc344b715907c0","name":"Cesar Morales","image":{"@type":"ImageObject","inLanguage":"en-US","@id":"https:\/\/gijonbasket.com\/#\/schema\/person\/image\/","url":"https:\/\/secure.gravatar.com\/avatar\/ab9ddf1e87f7580cae3deefb05a58c5cf4f0c7f96f033fd7dacc23f0e8d149ca?s=96&d=mm&r=g","contentUrl":"https:\/\/secure.gravatar.com\/avatar\/ab9ddf1e87f7580cae3deefb05a58c5cf4f0c7f96f033fd7dacc23f0e8d149ca?s=96&d=mm&r=g","caption":"Cesar Morales"},"url":"https:\/\/gijonbasket.com\/en\/author\/cesar\/"}]}},"_links":{"self":[{"href":"https:\/\/gijonbasket.com\/en\/wp-json\/wp\/v2\/posts\/9666","targetHints":{"allow":["GET"]}}],"collection":[{"href":"https:\/\/gijonbasket.com\/en\/wp-json\/wp\/v2\/posts"}],"about":[{"href":"https:\/\/gijonbasket.com\/en\/wp-json\/wp\/v2\/types\/post"}],"author":[{"embeddable":true,"href":"https:\/\/gijonbasket.com\/en\/wp-json\/wp\/v2\/users\/2"}],"replies":[{"embeddable":true,"href":"https:\/\/gijonbasket.com\/en\/wp-json\/wp\/v2\/comments?post=9666"}],"version-history":[{"count":1,"href":"https:\/\/gijonbasket.com\/en\/wp-json\/wp\/v2\/posts\/9666\/revisions"}],"predecessor-version":[{"id":9669,"href":"https:\/\/gijonbasket.com\/en\/wp-json\/wp\/v2\/posts\/9666\/revisions\/9669"}],"wp:attachment":[{"href":"https:\/\/gijonbasket.com\/en\/wp-json\/wp\/v2\/media?parent=9666"}],"wp:term":[{"taxonomy":"category","embeddable":true,"href":"https:\/\/gijonbasket.com\/en\/wp-json\/wp\/v2\/categories?post=9666"},{"taxonomy":"post_tag","embeddable":true,"href":"https:\/\/gijonbasket.com\/en\/wp-json\/wp\/v2\/tags?post=9666"}],"curies":[{"name":"wp","href":"https:\/\/api.w.org\/{rel}","templated":true}]}}