{"id":9691,"date":"2026-01-11T09:00:19","date_gmt":"2026-01-11T08:00:19","guid":{"rendered":"https:\/\/gijonbasket.com\/?p=9691"},"modified":"2026-01-11T09:10:29","modified_gmt":"2026-01-11T08:10:29","slug":"tyler-ennis-adios-a-la-temporada-con-el-hapoel-ibi-tel-aviv","status":"publish","type":"post","link":"https:\/\/gijonbasket.com\/en\/2026\/01\/11\/tyler-ennis-adios-a-la-temporada-con-el-hapoel-ibi-tel-aviv\/","title":{"rendered":"Tyler Ennis adi\u00f3s a la temporada con el Hapoel IBI Tel-Aviv"},"content":{"rendered":"<p>La desgracia vuelve a cebarse con Tyler Ennis al sufrir la rotura del tend\u00f3n de Aquiles de su pierna izquierda.<\/p>\n\n\n\n<p>Segunda vez en su carrera profesional que sufre una lesi\u00f3n de esta \u00edndole, tras haberlo padecido en la temporada 2020\/2021 cuando militaba en el T\u00fcrk Telekom Ankara.<\/p>\n\n\n\n<p>Base canadiense de 31 a\u00f1os y 1.88 m. que regres\u00f3 esta temporada al Hapoel IBI Tel-Aviv donde ya hab\u00eda militado en la campa\u00f1a 2023\/2024.<\/p>\n\n\n\n<p>Una s\u00f3la temporada universitaria militando en Syracuse University (2013\/2014).<\/p>\n\n\n\n<p>Seleccionado en NBA Draft 2014 por los Phoenix Suns con n\u00ba 18.<\/p>\n\n\n\n<p>4 temporadas NBA militando en Phoenix Suns, Milwaukee Bucks, Houston Rockets y Los \u00c1ngeles Lakers.<\/p>\n\n\n\n<p>Con experiencia tras jugar en U.S.A., Turqu\u00eda, Italia e Israel.<\/p>\n\n\n\n<p>Esta temporada Tyler Ennis con el Hapoel IBI Tel-Aviv estaba promediando 11.9 ppp; 2.5 rpp; 3.9 app (Winner League-Israel) y 4.5 ppp; 0.8 rpp; 0.6 app (Euroliga).<\/p>\n\n\n\n<p>Hermano de Dylan Ennis que milita en UCAM Murcia.<\/p>\n\n\n\n<p><\/p>","protected":false},"excerpt":{"rendered":"<p>La desgracia vuelve a cebarse con Tyler Ennis al sufrir la rotura del tend\u00f3n de Aquiles de su pierna izquierda. Segunda vez en su carrera profesional que sufre una lesi\u00f3n de esta \u00edndole, tras haberlo padecido en la temporada 2020\/2021 cuando militaba en el T\u00fcrk Telekom Ankara. Base canadiense de 31 a\u00f1os y 1.88 m.&hellip;&nbsp;<a href=\"https:\/\/gijonbasket.com\/en\/2026\/01\/11\/tyler-ennis-adios-a-la-temporada-con-el-hapoel-ibi-tel-aviv\/\" class=\"\" rel=\"bookmark\">Read More &raquo;<span class=\"screen-reader-text\">Tyler Ennis adi\u00f3s a la temporada con el Hapoel IBI Tel-Aviv<\/span><\/a><\/p>","protected":false},"author":2,"featured_media":0,"comment_status":"open","ping_status":"open","sticky":false,"template":"","format":"standard","meta":{"neve_meta_sidebar":"","neve_meta_container":"","neve_meta_enable_content_width":"","neve_meta_content_width":0,"neve_meta_title_alignment":"","neve_meta_author_avatar":"","neve_post_elements_order":"","neve_meta_disable_header":"","neve_meta_disable_footer":"","neve_meta_disable_title":"","footnotes":""},"categories":[4],"tags":[],"class_list":["post-9691","post","type-post","status-publish","format-standard","hentry","category-noticias"],"yoast_head":"<!-- This site is optimized with the Yoast SEO plugin v23.4 - https:\/\/yoast.com\/wordpress\/plugins\/seo\/ -->\n<title>Tyler Ennis adi\u00f3s a la temporada con el Hapoel IBI Tel-Aviv - gijonbasket<\/title>\n<meta name=\"robots\" content=\"index, follow, max-snippet:-1, max-image-preview:large, max-video-preview:-1\" \/>\n<link rel=\"canonical\" href=\"https:\/\/gijonbasket.com\/en\/2026\/01\/11\/tyler-ennis-adios-a-la-temporada-con-el-hapoel-ibi-tel-aviv\/\" \/>\n<meta property=\"og:locale\" content=\"en_US\" \/>\n<meta property=\"og:type\" content=\"article\" \/>\n<meta property=\"og:title\" content=\"Tyler Ennis adi\u00f3s a la temporada con el Hapoel IBI Tel-Aviv - gijonbasket\" \/>\n<meta property=\"og:description\" content=\"La desgracia vuelve a cebarse con Tyler Ennis al sufrir la rotura del tend\u00f3n de Aquiles de su pierna izquierda. Segunda vez en su carrera profesional que sufre una lesi\u00f3n de esta \u00edndole, tras haberlo padecido en la temporada 2020\/2021 cuando militaba en el T\u00fcrk Telekom Ankara. Base canadiense de 31 a\u00f1os y 1.88 m.&hellip;&nbsp;Read More &raquo;Tyler Ennis adi\u00f3s a la temporada con el Hapoel IBI Tel-Aviv\" \/>\n<meta property=\"og:url\" content=\"https:\/\/gijonbasket.com\/en\/2026\/01\/11\/tyler-ennis-adios-a-la-temporada-con-el-hapoel-ibi-tel-aviv\/\" \/>\n<meta property=\"og:site_name\" content=\"gijonbasket\" \/>\n<meta property=\"article:published_time\" content=\"2026-01-11T08:00:19+00:00\" \/>\n<meta property=\"article:modified_time\" content=\"2026-01-11T08:10:29+00:00\" \/>\n<meta name=\"author\" content=\"Cesar Morales\" \/>\n<meta name=\"twitter:card\" content=\"summary_large_image\" \/>\n<meta name=\"twitter:label1\" content=\"Written by\" \/>\n\t<meta name=\"twitter:data1\" content=\"Cesar Morales\" \/>\n\t<meta name=\"twitter:label2\" content=\"Est. reading time\" \/>\n\t<meta name=\"twitter:data2\" content=\"1 minute\" \/>\n<script type=\"application\/ld+json\" class=\"yoast-schema-graph\">{\"@context\":\"https:\/\/schema.org\",\"@graph\":[{\"@type\":\"Article\",\"@id\":\"https:\/\/gijonbasket.com\/2026\/01\/11\/tyler-ennis-adios-a-la-temporada-con-el-hapoel-ibi-tel-aviv\/#article\",\"isPartOf\":{\"@id\":\"https:\/\/gijonbasket.com\/2026\/01\/11\/tyler-ennis-adios-a-la-temporada-con-el-hapoel-ibi-tel-aviv\/\"},\"author\":{\"name\":\"Cesar Morales\",\"@id\":\"https:\/\/gijonbasket.com\/#\/schema\/person\/91af9ff03e8eab582ccc344b715907c0\"},\"headline\":\"Tyler Ennis adi\u00f3s a la temporada con el Hapoel IBI Tel-Aviv\",\"datePublished\":\"2026-01-11T08:00:19+00:00\",\"dateModified\":\"2026-01-11T08:10:29+00:00\",\"mainEntityOfPage\":{\"@id\":\"https:\/\/gijonbasket.com\/2026\/01\/11\/tyler-ennis-adios-a-la-temporada-con-el-hapoel-ibi-tel-aviv\/\"},\"wordCount\":161,\"commentCount\":0,\"publisher\":{\"@id\":\"https:\/\/gijonbasket.com\/#organization\"},\"articleSection\":[\"noticias\"],\"inLanguage\":\"en-US\",\"potentialAction\":[{\"@type\":\"CommentAction\",\"name\":\"Comment\",\"target\":[\"https:\/\/gijonbasket.com\/2026\/01\/11\/tyler-ennis-adios-a-la-temporada-con-el-hapoel-ibi-tel-aviv\/#respond\"]}]},{\"@type\":\"WebPage\",\"@id\":\"https:\/\/gijonbasket.com\/2026\/01\/11\/tyler-ennis-adios-a-la-temporada-con-el-hapoel-ibi-tel-aviv\/\",\"url\":\"https:\/\/gijonbasket.com\/2026\/01\/11\/tyler-ennis-adios-a-la-temporada-con-el-hapoel-ibi-tel-aviv\/\",\"name\":\"Tyler Ennis adi\u00f3s a la temporada con el Hapoel IBI Tel-Aviv - gijonbasket\",\"isPartOf\":{\"@id\":\"https:\/\/gijonbasket.com\/#website\"},\"datePublished\":\"2026-01-11T08:00:19+00:00\",\"dateModified\":\"2026-01-11T08:10:29+00:00\",\"breadcrumb\":{\"@id\":\"https:\/\/gijonbasket.com\/2026\/01\/11\/tyler-ennis-adios-a-la-temporada-con-el-hapoel-ibi-tel-aviv\/#breadcrumb\"},\"inLanguage\":\"en-US\",\"potentialAction\":[{\"@type\":\"ReadAction\",\"target\":[\"https:\/\/gijonbasket.com\/2026\/01\/11\/tyler-ennis-adios-a-la-temporada-con-el-hapoel-ibi-tel-aviv\/\"]}]},{\"@type\":\"BreadcrumbList\",\"@id\":\"https:\/\/gijonbasket.com\/2026\/01\/11\/tyler-ennis-adios-a-la-temporada-con-el-hapoel-ibi-tel-aviv\/#breadcrumb\",\"itemListElement\":[{\"@type\":\"ListItem\",\"position\":1,\"name\":\"Portada\",\"item\":\"https:\/\/gijonbasket.com\/\"},{\"@type\":\"ListItem\",\"position\":2,\"name\":\"Tyler Ennis adi\u00f3s a la temporada con el Hapoel IBI Tel-Aviv\"}]},{\"@type\":\"WebSite\",\"@id\":\"https:\/\/gijonbasket.com\/#website\",\"url\":\"https:\/\/gijonbasket.com\/\",\"name\":\"gijonbasket\",\"description\":\"\",\"publisher\":{\"@id\":\"https:\/\/gijonbasket.com\/#organization\"},\"potentialAction\":[{\"@type\":\"SearchAction\",\"target\":{\"@type\":\"EntryPoint\",\"urlTemplate\":\"https:\/\/gijonbasket.com\/?s={search_term_string}\"},\"query-input\":{\"@type\":\"PropertyValueSpecification\",\"valueRequired\":true,\"valueName\":\"search_term_string\"}}],\"inLanguage\":\"en-US\"},{\"@type\":\"Organization\",\"@id\":\"https:\/\/gijonbasket.com\/#organization\",\"name\":\"gijonbasket\",\"url\":\"https:\/\/gijonbasket.com\/\",\"logo\":{\"@type\":\"ImageObject\",\"inLanguage\":\"en-US\",\"@id\":\"https:\/\/gijonbasket.com\/#\/schema\/logo\/image\/\",\"url\":\"https:\/\/gijonbasket.com\/wp-content\/uploads\/2023\/03\/LogoGijonBasket2.jpg\",\"contentUrl\":\"https:\/\/gijonbasket.com\/wp-content\/uploads\/2023\/03\/LogoGijonBasket2.jpg\",\"width\":2000,\"height\":550,\"caption\":\"gijonbasket\"},\"image\":{\"@id\":\"https:\/\/gijonbasket.com\/#\/schema\/logo\/image\/\"}},{\"@type\":\"Person\",\"@id\":\"https:\/\/gijonbasket.com\/#\/schema\/person\/91af9ff03e8eab582ccc344b715907c0\",\"name\":\"Cesar Morales\",\"image\":{\"@type\":\"ImageObject\",\"inLanguage\":\"en-US\",\"@id\":\"https:\/\/gijonbasket.com\/#\/schema\/person\/image\/\",\"url\":\"https:\/\/secure.gravatar.com\/avatar\/ab9ddf1e87f7580cae3deefb05a58c5cf4f0c7f96f033fd7dacc23f0e8d149ca?s=96&d=mm&r=g\",\"contentUrl\":\"https:\/\/secure.gravatar.com\/avatar\/ab9ddf1e87f7580cae3deefb05a58c5cf4f0c7f96f033fd7dacc23f0e8d149ca?s=96&d=mm&r=g\",\"caption\":\"Cesar Morales\"},\"url\":\"https:\/\/gijonbasket.com\/en\/author\/cesar\/\"}]}<\/script>\n<!-- \/ Yoast SEO plugin. -->","yoast_head_json":{"title":"Tyler Ennis adi\u00f3s a la temporada con el Hapoel IBI Tel-Aviv - gijonbasket","robots":{"index":"index","follow":"follow","max-snippet":"max-snippet:-1","max-image-preview":"max-image-preview:large","max-video-preview":"max-video-preview:-1"},"canonical":"https:\/\/gijonbasket.com\/en\/2026\/01\/11\/tyler-ennis-adios-a-la-temporada-con-el-hapoel-ibi-tel-aviv\/","og_locale":"en_US","og_type":"article","og_title":"Tyler Ennis adi\u00f3s a la temporada con el Hapoel IBI Tel-Aviv - gijonbasket","og_description":"La desgracia vuelve a cebarse con Tyler Ennis al sufrir la rotura del tend\u00f3n de Aquiles de su pierna izquierda. Segunda vez en su carrera profesional que sufre una lesi\u00f3n de esta \u00edndole, tras haberlo padecido en la temporada 2020\/2021 cuando militaba en el T\u00fcrk Telekom Ankara. Base canadiense de 31 a\u00f1os y 1.88 m.&hellip;&nbsp;Read More &raquo;Tyler Ennis adi\u00f3s a la temporada con el Hapoel IBI Tel-Aviv","og_url":"https:\/\/gijonbasket.com\/en\/2026\/01\/11\/tyler-ennis-adios-a-la-temporada-con-el-hapoel-ibi-tel-aviv\/","og_site_name":"gijonbasket","article_published_time":"2026-01-11T08:00:19+00:00","article_modified_time":"2026-01-11T08:10:29+00:00","author":"Cesar Morales","twitter_card":"summary_large_image","twitter_misc":{"Written by":"Cesar Morales","Est. reading time":"1 minute"},"schema":{"@context":"https:\/\/schema.org","@graph":[{"@type":"Article","@id":"https:\/\/gijonbasket.com\/2026\/01\/11\/tyler-ennis-adios-a-la-temporada-con-el-hapoel-ibi-tel-aviv\/#article","isPartOf":{"@id":"https:\/\/gijonbasket.com\/2026\/01\/11\/tyler-ennis-adios-a-la-temporada-con-el-hapoel-ibi-tel-aviv\/"},"author":{"name":"Cesar Morales","@id":"https:\/\/gijonbasket.com\/#\/schema\/person\/91af9ff03e8eab582ccc344b715907c0"},"headline":"Tyler Ennis adi\u00f3s a la temporada con el Hapoel IBI Tel-Aviv","datePublished":"2026-01-11T08:00:19+00:00","dateModified":"2026-01-11T08:10:29+00:00","mainEntityOfPage":{"@id":"https:\/\/gijonbasket.com\/2026\/01\/11\/tyler-ennis-adios-a-la-temporada-con-el-hapoel-ibi-tel-aviv\/"},"wordCount":161,"commentCount":0,"publisher":{"@id":"https:\/\/gijonbasket.com\/#organization"},"articleSection":["noticias"],"inLanguage":"en-US","potentialAction":[{"@type":"CommentAction","name":"Comment","target":["https:\/\/gijonbasket.com\/2026\/01\/11\/tyler-ennis-adios-a-la-temporada-con-el-hapoel-ibi-tel-aviv\/#respond"]}]},{"@type":"WebPage","@id":"https:\/\/gijonbasket.com\/2026\/01\/11\/tyler-ennis-adios-a-la-temporada-con-el-hapoel-ibi-tel-aviv\/","url":"https:\/\/gijonbasket.com\/2026\/01\/11\/tyler-ennis-adios-a-la-temporada-con-el-hapoel-ibi-tel-aviv\/","name":"Tyler Ennis adi\u00f3s a la temporada con el Hapoel IBI Tel-Aviv - gijonbasket","isPartOf":{"@id":"https:\/\/gijonbasket.com\/#website"},"datePublished":"2026-01-11T08:00:19+00:00","dateModified":"2026-01-11T08:10:29+00:00","breadcrumb":{"@id":"https:\/\/gijonbasket.com\/2026\/01\/11\/tyler-ennis-adios-a-la-temporada-con-el-hapoel-ibi-tel-aviv\/#breadcrumb"},"inLanguage":"en-US","potentialAction":[{"@type":"ReadAction","target":["https:\/\/gijonbasket.com\/2026\/01\/11\/tyler-ennis-adios-a-la-temporada-con-el-hapoel-ibi-tel-aviv\/"]}]},{"@type":"BreadcrumbList","@id":"https:\/\/gijonbasket.com\/2026\/01\/11\/tyler-ennis-adios-a-la-temporada-con-el-hapoel-ibi-tel-aviv\/#breadcrumb","itemListElement":[{"@type":"ListItem","position":1,"name":"Portada","item":"https:\/\/gijonbasket.com\/"},{"@type":"ListItem","position":2,"name":"Tyler Ennis adi\u00f3s a la temporada con el Hapoel IBI Tel-Aviv"}]},{"@type":"WebSite","@id":"https:\/\/gijonbasket.com\/#website","url":"https:\/\/gijonbasket.com\/","name":"gijonbasket","description":"","publisher":{"@id":"https:\/\/gijonbasket.com\/#organization"},"potentialAction":[{"@type":"SearchAction","target":{"@type":"EntryPoint","urlTemplate":"https:\/\/gijonbasket.com\/?s={search_term_string}"},"query-input":{"@type":"PropertyValueSpecification","valueRequired":true,"valueName":"search_term_string"}}],"inLanguage":"en-US"},{"@type":"Organization","@id":"https:\/\/gijonbasket.com\/#organization","name":"gijonbasket","url":"https:\/\/gijonbasket.com\/","logo":{"@type":"ImageObject","inLanguage":"en-US","@id":"https:\/\/gijonbasket.com\/#\/schema\/logo\/image\/","url":"https:\/\/gijonbasket.com\/wp-content\/uploads\/2023\/03\/LogoGijonBasket2.jpg","contentUrl":"https:\/\/gijonbasket.com\/wp-content\/uploads\/2023\/03\/LogoGijonBasket2.jpg","width":2000,"height":550,"caption":"gijonbasket"},"image":{"@id":"https:\/\/gijonbasket.com\/#\/schema\/logo\/image\/"}},{"@type":"Person","@id":"https:\/\/gijonbasket.com\/#\/schema\/person\/91af9ff03e8eab582ccc344b715907c0","name":"Cesar Morales","image":{"@type":"ImageObject","inLanguage":"en-US","@id":"https:\/\/gijonbasket.com\/#\/schema\/person\/image\/","url":"https:\/\/secure.gravatar.com\/avatar\/ab9ddf1e87f7580cae3deefb05a58c5cf4f0c7f96f033fd7dacc23f0e8d149ca?s=96&d=mm&r=g","contentUrl":"https:\/\/secure.gravatar.com\/avatar\/ab9ddf1e87f7580cae3deefb05a58c5cf4f0c7f96f033fd7dacc23f0e8d149ca?s=96&d=mm&r=g","caption":"Cesar Morales"},"url":"https:\/\/gijonbasket.com\/en\/author\/cesar\/"}]}},"_links":{"self":[{"href":"https:\/\/gijonbasket.com\/en\/wp-json\/wp\/v2\/posts\/9691","targetHints":{"allow":["GET"]}}],"collection":[{"href":"https:\/\/gijonbasket.com\/en\/wp-json\/wp\/v2\/posts"}],"about":[{"href":"https:\/\/gijonbasket.com\/en\/wp-json\/wp\/v2\/types\/post"}],"author":[{"embeddable":true,"href":"https:\/\/gijonbasket.com\/en\/wp-json\/wp\/v2\/users\/2"}],"replies":[{"embeddable":true,"href":"https:\/\/gijonbasket.com\/en\/wp-json\/wp\/v2\/comments?post=9691"}],"version-history":[{"count":2,"href":"https:\/\/gijonbasket.com\/en\/wp-json\/wp\/v2\/posts\/9691\/revisions"}],"predecessor-version":[{"id":9694,"href":"https:\/\/gijonbasket.com\/en\/wp-json\/wp\/v2\/posts\/9691\/revisions\/9694"}],"wp:attachment":[{"href":"https:\/\/gijonbasket.com\/en\/wp-json\/wp\/v2\/media?parent=9691"}],"wp:term":[{"taxonomy":"category","embeddable":true,"href":"https:\/\/gijonbasket.com\/en\/wp-json\/wp\/v2\/categories?post=9691"},{"taxonomy":"post_tag","embeddable":true,"href":"https:\/\/gijonbasket.com\/en\/wp-json\/wp\/v2\/tags?post=9691"}],"curies":[{"name":"wp","href":"https:\/\/api.w.org\/{rel}","templated":true}]}}