{"id":9729,"date":"2026-01-14T09:05:49","date_gmt":"2026-01-14T08:05:49","guid":{"rendered":"https:\/\/gijonbasket.com\/?p=9729"},"modified":"2026-01-14T09:06:57","modified_gmt":"2026-01-14T08:06:57","slug":"jordi-juste-destituido-en-el-grupo-ureta-tizona-burgos","status":"publish","type":"post","link":"https:\/\/gijonbasket.com\/en\/2026\/01\/14\/jordi-juste-destituido-en-el-grupo-ureta-tizona-burgos\/","title":{"rendered":"Jordi Juste destituido en el Grupo Ureta Tizona Burgos"},"content":{"rendered":"<p>El Grupo Ureta Tizona Burgos anunci\u00f3 la destituci\u00f3n de su t\u00e9cnico Jordi Juste.<\/p>\n\n\n\n<p>Denis Pombar toma el relevo de Jordi Juste como t\u00e9cnico de forma interina.<\/p>\n\n\n\n<p>Una racha de tres derrotas consecutivas con el Grupo Ureta Tizona Burgos en la 14\u00aa posici\u00f3n de Primera FEB con un balance de 4 victorias &#8211; 11 derrotas factores desencadenantes en el cese de Jordi Juste.<\/p>\n\n\n\n<p>Jordi Juste cumpl\u00eda su primera temporada en el Grupo Ureta Tizona Burgos procedente del Grupo Caesa Cartagena, donde en s\u00f3lo dos temporadas hizo historia. Campe\u00f3n de Segunda FEB en su primera campa\u00f1a (2023\/2024) logrando el ascenso a Primera FEB y la pasada temporada dirigiendo al conjunto cartagenero, en su estreno en la categor\u00eda, siendo una de las revelaciones llevando al equipo hasta los Play-Offs de Ascenso a Liga Endesa.<\/p>","protected":false},"excerpt":{"rendered":"<p>El Grupo Ureta Tizona Burgos anunci\u00f3 la destituci\u00f3n de su t\u00e9cnico Jordi Juste. Denis Pombar toma el relevo de Jordi Juste como t\u00e9cnico de forma interina. Una racha de tres derrotas consecutivas con el Grupo Ureta Tizona Burgos en la 14\u00aa posici\u00f3n de Primera FEB con un balance de 4 victorias &#8211; 11 derrotas factores&hellip;&nbsp;<a href=\"https:\/\/gijonbasket.com\/en\/2026\/01\/14\/jordi-juste-destituido-en-el-grupo-ureta-tizona-burgos\/\" class=\"\" rel=\"bookmark\">Read More &raquo;<span class=\"screen-reader-text\">Jordi Juste destituido en el Grupo Ureta Tizona Burgos<\/span><\/a><\/p>","protected":false},"author":2,"featured_media":0,"comment_status":"open","ping_status":"open","sticky":false,"template":"","format":"standard","meta":{"neve_meta_sidebar":"","neve_meta_container":"","neve_meta_enable_content_width":"","neve_meta_content_width":0,"neve_meta_title_alignment":"","neve_meta_author_avatar":"","neve_post_elements_order":"","neve_meta_disable_header":"","neve_meta_disable_footer":"","neve_meta_disable_title":"","footnotes":""},"categories":[4],"tags":[],"class_list":["post-9729","post","type-post","status-publish","format-standard","hentry","category-noticias"],"yoast_head":"<!-- This site is optimized with the Yoast SEO plugin v23.4 - https:\/\/yoast.com\/wordpress\/plugins\/seo\/ -->\n<title>Jordi Juste destituido en el Grupo Ureta Tizona Burgos - gijonbasket<\/title>\n<meta name=\"robots\" content=\"index, follow, max-snippet:-1, max-image-preview:large, max-video-preview:-1\" \/>\n<link rel=\"canonical\" href=\"https:\/\/gijonbasket.com\/en\/2026\/01\/14\/jordi-juste-destituido-en-el-grupo-ureta-tizona-burgos\/\" \/>\n<meta property=\"og:locale\" content=\"en_US\" \/>\n<meta property=\"og:type\" content=\"article\" \/>\n<meta property=\"og:title\" content=\"Jordi Juste destituido en el Grupo Ureta Tizona Burgos - gijonbasket\" \/>\n<meta property=\"og:description\" content=\"El Grupo Ureta Tizona Burgos anunci\u00f3 la destituci\u00f3n de su t\u00e9cnico Jordi Juste. Denis Pombar toma el relevo de Jordi Juste como t\u00e9cnico de forma interina. Una racha de tres derrotas consecutivas con el Grupo Ureta Tizona Burgos en la 14\u00aa posici\u00f3n de Primera FEB con un balance de 4 victorias &#8211; 11 derrotas factores&hellip;&nbsp;Read More &raquo;Jordi Juste destituido en el Grupo Ureta Tizona Burgos\" \/>\n<meta property=\"og:url\" content=\"https:\/\/gijonbasket.com\/en\/2026\/01\/14\/jordi-juste-destituido-en-el-grupo-ureta-tizona-burgos\/\" \/>\n<meta property=\"og:site_name\" content=\"gijonbasket\" \/>\n<meta property=\"article:published_time\" content=\"2026-01-14T08:05:49+00:00\" \/>\n<meta property=\"article:modified_time\" content=\"2026-01-14T08:06:57+00:00\" \/>\n<meta name=\"author\" content=\"Cesar Morales\" \/>\n<meta name=\"twitter:card\" content=\"summary_large_image\" \/>\n<meta name=\"twitter:label1\" content=\"Written by\" \/>\n\t<meta name=\"twitter:data1\" content=\"Cesar Morales\" \/>\n\t<meta name=\"twitter:label2\" content=\"Est. reading time\" \/>\n\t<meta name=\"twitter:data2\" content=\"1 minute\" \/>\n<script type=\"application\/ld+json\" class=\"yoast-schema-graph\">{\"@context\":\"https:\/\/schema.org\",\"@graph\":[{\"@type\":\"Article\",\"@id\":\"https:\/\/gijonbasket.com\/2026\/01\/14\/jordi-juste-destituido-en-el-grupo-ureta-tizona-burgos\/#article\",\"isPartOf\":{\"@id\":\"https:\/\/gijonbasket.com\/2026\/01\/14\/jordi-juste-destituido-en-el-grupo-ureta-tizona-burgos\/\"},\"author\":{\"name\":\"Cesar Morales\",\"@id\":\"https:\/\/gijonbasket.com\/#\/schema\/person\/91af9ff03e8eab582ccc344b715907c0\"},\"headline\":\"Jordi Juste destituido en el Grupo Ureta Tizona Burgos\",\"datePublished\":\"2026-01-14T08:05:49+00:00\",\"dateModified\":\"2026-01-14T08:06:57+00:00\",\"mainEntityOfPage\":{\"@id\":\"https:\/\/gijonbasket.com\/2026\/01\/14\/jordi-juste-destituido-en-el-grupo-ureta-tizona-burgos\/\"},\"wordCount\":145,\"commentCount\":0,\"publisher\":{\"@id\":\"https:\/\/gijonbasket.com\/#organization\"},\"articleSection\":[\"noticias\"],\"inLanguage\":\"en-US\",\"potentialAction\":[{\"@type\":\"CommentAction\",\"name\":\"Comment\",\"target\":[\"https:\/\/gijonbasket.com\/2026\/01\/14\/jordi-juste-destituido-en-el-grupo-ureta-tizona-burgos\/#respond\"]}]},{\"@type\":\"WebPage\",\"@id\":\"https:\/\/gijonbasket.com\/2026\/01\/14\/jordi-juste-destituido-en-el-grupo-ureta-tizona-burgos\/\",\"url\":\"https:\/\/gijonbasket.com\/2026\/01\/14\/jordi-juste-destituido-en-el-grupo-ureta-tizona-burgos\/\",\"name\":\"Jordi Juste destituido en el Grupo Ureta Tizona Burgos - gijonbasket\",\"isPartOf\":{\"@id\":\"https:\/\/gijonbasket.com\/#website\"},\"datePublished\":\"2026-01-14T08:05:49+00:00\",\"dateModified\":\"2026-01-14T08:06:57+00:00\",\"breadcrumb\":{\"@id\":\"https:\/\/gijonbasket.com\/2026\/01\/14\/jordi-juste-destituido-en-el-grupo-ureta-tizona-burgos\/#breadcrumb\"},\"inLanguage\":\"en-US\",\"potentialAction\":[{\"@type\":\"ReadAction\",\"target\":[\"https:\/\/gijonbasket.com\/2026\/01\/14\/jordi-juste-destituido-en-el-grupo-ureta-tizona-burgos\/\"]}]},{\"@type\":\"BreadcrumbList\",\"@id\":\"https:\/\/gijonbasket.com\/2026\/01\/14\/jordi-juste-destituido-en-el-grupo-ureta-tizona-burgos\/#breadcrumb\",\"itemListElement\":[{\"@type\":\"ListItem\",\"position\":1,\"name\":\"Portada\",\"item\":\"https:\/\/gijonbasket.com\/\"},{\"@type\":\"ListItem\",\"position\":2,\"name\":\"Jordi Juste destituido en el Grupo Ureta Tizona Burgos\"}]},{\"@type\":\"WebSite\",\"@id\":\"https:\/\/gijonbasket.com\/#website\",\"url\":\"https:\/\/gijonbasket.com\/\",\"name\":\"gijonbasket\",\"description\":\"\",\"publisher\":{\"@id\":\"https:\/\/gijonbasket.com\/#organization\"},\"potentialAction\":[{\"@type\":\"SearchAction\",\"target\":{\"@type\":\"EntryPoint\",\"urlTemplate\":\"https:\/\/gijonbasket.com\/?s={search_term_string}\"},\"query-input\":{\"@type\":\"PropertyValueSpecification\",\"valueRequired\":true,\"valueName\":\"search_term_string\"}}],\"inLanguage\":\"en-US\"},{\"@type\":\"Organization\",\"@id\":\"https:\/\/gijonbasket.com\/#organization\",\"name\":\"gijonbasket\",\"url\":\"https:\/\/gijonbasket.com\/\",\"logo\":{\"@type\":\"ImageObject\",\"inLanguage\":\"en-US\",\"@id\":\"https:\/\/gijonbasket.com\/#\/schema\/logo\/image\/\",\"url\":\"https:\/\/gijonbasket.com\/wp-content\/uploads\/2023\/03\/LogoGijonBasket2.jpg\",\"contentUrl\":\"https:\/\/gijonbasket.com\/wp-content\/uploads\/2023\/03\/LogoGijonBasket2.jpg\",\"width\":2000,\"height\":550,\"caption\":\"gijonbasket\"},\"image\":{\"@id\":\"https:\/\/gijonbasket.com\/#\/schema\/logo\/image\/\"}},{\"@type\":\"Person\",\"@id\":\"https:\/\/gijonbasket.com\/#\/schema\/person\/91af9ff03e8eab582ccc344b715907c0\",\"name\":\"Cesar Morales\",\"image\":{\"@type\":\"ImageObject\",\"inLanguage\":\"en-US\",\"@id\":\"https:\/\/gijonbasket.com\/#\/schema\/person\/image\/\",\"url\":\"https:\/\/secure.gravatar.com\/avatar\/ab9ddf1e87f7580cae3deefb05a58c5cf4f0c7f96f033fd7dacc23f0e8d149ca?s=96&d=mm&r=g\",\"contentUrl\":\"https:\/\/secure.gravatar.com\/avatar\/ab9ddf1e87f7580cae3deefb05a58c5cf4f0c7f96f033fd7dacc23f0e8d149ca?s=96&d=mm&r=g\",\"caption\":\"Cesar Morales\"},\"url\":\"https:\/\/gijonbasket.com\/en\/author\/cesar\/\"}]}<\/script>\n<!-- \/ Yoast SEO plugin. -->","yoast_head_json":{"title":"Jordi Juste destituido en el Grupo Ureta Tizona Burgos - gijonbasket","robots":{"index":"index","follow":"follow","max-snippet":"max-snippet:-1","max-image-preview":"max-image-preview:large","max-video-preview":"max-video-preview:-1"},"canonical":"https:\/\/gijonbasket.com\/en\/2026\/01\/14\/jordi-juste-destituido-en-el-grupo-ureta-tizona-burgos\/","og_locale":"en_US","og_type":"article","og_title":"Jordi Juste destituido en el Grupo Ureta Tizona Burgos - gijonbasket","og_description":"El Grupo Ureta Tizona Burgos anunci\u00f3 la destituci\u00f3n de su t\u00e9cnico Jordi Juste. Denis Pombar toma el relevo de Jordi Juste como t\u00e9cnico de forma interina. Una racha de tres derrotas consecutivas con el Grupo Ureta Tizona Burgos en la 14\u00aa posici\u00f3n de Primera FEB con un balance de 4 victorias &#8211; 11 derrotas factores&hellip;&nbsp;Read More &raquo;Jordi Juste destituido en el Grupo Ureta Tizona Burgos","og_url":"https:\/\/gijonbasket.com\/en\/2026\/01\/14\/jordi-juste-destituido-en-el-grupo-ureta-tizona-burgos\/","og_site_name":"gijonbasket","article_published_time":"2026-01-14T08:05:49+00:00","article_modified_time":"2026-01-14T08:06:57+00:00","author":"Cesar Morales","twitter_card":"summary_large_image","twitter_misc":{"Written by":"Cesar Morales","Est. reading time":"1 minute"},"schema":{"@context":"https:\/\/schema.org","@graph":[{"@type":"Article","@id":"https:\/\/gijonbasket.com\/2026\/01\/14\/jordi-juste-destituido-en-el-grupo-ureta-tizona-burgos\/#article","isPartOf":{"@id":"https:\/\/gijonbasket.com\/2026\/01\/14\/jordi-juste-destituido-en-el-grupo-ureta-tizona-burgos\/"},"author":{"name":"Cesar Morales","@id":"https:\/\/gijonbasket.com\/#\/schema\/person\/91af9ff03e8eab582ccc344b715907c0"},"headline":"Jordi Juste destituido en el Grupo Ureta Tizona Burgos","datePublished":"2026-01-14T08:05:49+00:00","dateModified":"2026-01-14T08:06:57+00:00","mainEntityOfPage":{"@id":"https:\/\/gijonbasket.com\/2026\/01\/14\/jordi-juste-destituido-en-el-grupo-ureta-tizona-burgos\/"},"wordCount":145,"commentCount":0,"publisher":{"@id":"https:\/\/gijonbasket.com\/#organization"},"articleSection":["noticias"],"inLanguage":"en-US","potentialAction":[{"@type":"CommentAction","name":"Comment","target":["https:\/\/gijonbasket.com\/2026\/01\/14\/jordi-juste-destituido-en-el-grupo-ureta-tizona-burgos\/#respond"]}]},{"@type":"WebPage","@id":"https:\/\/gijonbasket.com\/2026\/01\/14\/jordi-juste-destituido-en-el-grupo-ureta-tizona-burgos\/","url":"https:\/\/gijonbasket.com\/2026\/01\/14\/jordi-juste-destituido-en-el-grupo-ureta-tizona-burgos\/","name":"Jordi Juste destituido en el Grupo Ureta Tizona Burgos - gijonbasket","isPartOf":{"@id":"https:\/\/gijonbasket.com\/#website"},"datePublished":"2026-01-14T08:05:49+00:00","dateModified":"2026-01-14T08:06:57+00:00","breadcrumb":{"@id":"https:\/\/gijonbasket.com\/2026\/01\/14\/jordi-juste-destituido-en-el-grupo-ureta-tizona-burgos\/#breadcrumb"},"inLanguage":"en-US","potentialAction":[{"@type":"ReadAction","target":["https:\/\/gijonbasket.com\/2026\/01\/14\/jordi-juste-destituido-en-el-grupo-ureta-tizona-burgos\/"]}]},{"@type":"BreadcrumbList","@id":"https:\/\/gijonbasket.com\/2026\/01\/14\/jordi-juste-destituido-en-el-grupo-ureta-tizona-burgos\/#breadcrumb","itemListElement":[{"@type":"ListItem","position":1,"name":"Portada","item":"https:\/\/gijonbasket.com\/"},{"@type":"ListItem","position":2,"name":"Jordi Juste destituido en el Grupo Ureta Tizona Burgos"}]},{"@type":"WebSite","@id":"https:\/\/gijonbasket.com\/#website","url":"https:\/\/gijonbasket.com\/","name":"gijonbasket","description":"","publisher":{"@id":"https:\/\/gijonbasket.com\/#organization"},"potentialAction":[{"@type":"SearchAction","target":{"@type":"EntryPoint","urlTemplate":"https:\/\/gijonbasket.com\/?s={search_term_string}"},"query-input":{"@type":"PropertyValueSpecification","valueRequired":true,"valueName":"search_term_string"}}],"inLanguage":"en-US"},{"@type":"Organization","@id":"https:\/\/gijonbasket.com\/#organization","name":"gijonbasket","url":"https:\/\/gijonbasket.com\/","logo":{"@type":"ImageObject","inLanguage":"en-US","@id":"https:\/\/gijonbasket.com\/#\/schema\/logo\/image\/","url":"https:\/\/gijonbasket.com\/wp-content\/uploads\/2023\/03\/LogoGijonBasket2.jpg","contentUrl":"https:\/\/gijonbasket.com\/wp-content\/uploads\/2023\/03\/LogoGijonBasket2.jpg","width":2000,"height":550,"caption":"gijonbasket"},"image":{"@id":"https:\/\/gijonbasket.com\/#\/schema\/logo\/image\/"}},{"@type":"Person","@id":"https:\/\/gijonbasket.com\/#\/schema\/person\/91af9ff03e8eab582ccc344b715907c0","name":"Cesar Morales","image":{"@type":"ImageObject","inLanguage":"en-US","@id":"https:\/\/gijonbasket.com\/#\/schema\/person\/image\/","url":"https:\/\/secure.gravatar.com\/avatar\/ab9ddf1e87f7580cae3deefb05a58c5cf4f0c7f96f033fd7dacc23f0e8d149ca?s=96&d=mm&r=g","contentUrl":"https:\/\/secure.gravatar.com\/avatar\/ab9ddf1e87f7580cae3deefb05a58c5cf4f0c7f96f033fd7dacc23f0e8d149ca?s=96&d=mm&r=g","caption":"Cesar Morales"},"url":"https:\/\/gijonbasket.com\/en\/author\/cesar\/"}]}},"_links":{"self":[{"href":"https:\/\/gijonbasket.com\/en\/wp-json\/wp\/v2\/posts\/9729","targetHints":{"allow":["GET"]}}],"collection":[{"href":"https:\/\/gijonbasket.com\/en\/wp-json\/wp\/v2\/posts"}],"about":[{"href":"https:\/\/gijonbasket.com\/en\/wp-json\/wp\/v2\/types\/post"}],"author":[{"embeddable":true,"href":"https:\/\/gijonbasket.com\/en\/wp-json\/wp\/v2\/users\/2"}],"replies":[{"embeddable":true,"href":"https:\/\/gijonbasket.com\/en\/wp-json\/wp\/v2\/comments?post=9729"}],"version-history":[{"count":2,"href":"https:\/\/gijonbasket.com\/en\/wp-json\/wp\/v2\/posts\/9729\/revisions"}],"predecessor-version":[{"id":9732,"href":"https:\/\/gijonbasket.com\/en\/wp-json\/wp\/v2\/posts\/9729\/revisions\/9732"}],"wp:attachment":[{"href":"https:\/\/gijonbasket.com\/en\/wp-json\/wp\/v2\/media?parent=9729"}],"wp:term":[{"taxonomy":"category","embeddable":true,"href":"https:\/\/gijonbasket.com\/en\/wp-json\/wp\/v2\/categories?post=9729"},{"taxonomy":"post_tag","embeddable":true,"href":"https:\/\/gijonbasket.com\/en\/wp-json\/wp\/v2\/tags?post=9729"}],"curies":[{"name":"wp","href":"https:\/\/api.w.org\/{rel}","templated":true}]}}