{"id":9777,"date":"2026-01-16T19:55:40","date_gmt":"2026-01-16T18:55:40","guid":{"rendered":"https:\/\/gijonbasket.com\/?p=9777"},"modified":"2026-01-16T19:55:41","modified_gmt":"2026-01-16T18:55:41","slug":"tono-martin-nuevo-tecnico-del-c-b-zaragoza","status":"publish","type":"post","link":"https:\/\/gijonbasket.com\/en\/2026\/01\/16\/tono-martin-nuevo-tecnico-del-c-b-zaragoza\/","title":{"rendered":"To\u00f1o Mart\u00edn nuevo t\u00e9cnico del C.B. Zaragoza"},"content":{"rendered":"<p>El C.B. Zaragoza anunci\u00f3 el nombramiento de To\u00f1o Mart\u00edn como nuevo t\u00e9cnico tras la destituci\u00f3n de V\u00edctor Rubio.<\/p>\n\n\n\n<p>To\u00f1o Mart\u00edn abandona el cargo de Director T\u00e9cnico para tomar las riendas del equipo desde el banquillo.<\/p>\n\n\n\n<p>24 a\u00f1os suma To\u00f1o Mart\u00edn en el C.B. Zaragoza.<\/p>","protected":false},"excerpt":{"rendered":"<p>El C.B. Zaragoza anunci\u00f3 el nombramiento de To\u00f1o Mart\u00edn como nuevo t\u00e9cnico tras la destituci\u00f3n de V\u00edctor Rubio. To\u00f1o Mart\u00edn abandona el cargo de Director T\u00e9cnico para tomar las riendas del equipo desde el banquillo. 24 a\u00f1os suma To\u00f1o Mart\u00edn en el C.B. Zaragoza.<\/p>","protected":false},"author":2,"featured_media":0,"comment_status":"open","ping_status":"open","sticky":false,"template":"","format":"standard","meta":{"neve_meta_sidebar":"","neve_meta_container":"","neve_meta_enable_content_width":"","neve_meta_content_width":0,"neve_meta_title_alignment":"","neve_meta_author_avatar":"","neve_post_elements_order":"","neve_meta_disable_header":"","neve_meta_disable_footer":"","neve_meta_disable_title":"","footnotes":""},"categories":[4],"tags":[],"class_list":["post-9777","post","type-post","status-publish","format-standard","hentry","category-noticias"],"yoast_head":"<!-- This site is optimized with the Yoast SEO plugin v23.4 - https:\/\/yoast.com\/wordpress\/plugins\/seo\/ -->\n<title>To\u00f1o Mart\u00edn nuevo t\u00e9cnico del C.B. Zaragoza - gijonbasket<\/title>\n<meta name=\"robots\" content=\"index, follow, max-snippet:-1, max-image-preview:large, max-video-preview:-1\" \/>\n<link rel=\"canonical\" href=\"https:\/\/gijonbasket.com\/en\/2026\/01\/16\/tono-martin-nuevo-tecnico-del-c-b-zaragoza\/\" \/>\n<meta property=\"og:locale\" content=\"en_US\" \/>\n<meta property=\"og:type\" content=\"article\" \/>\n<meta property=\"og:title\" content=\"To\u00f1o Mart\u00edn nuevo t\u00e9cnico del C.B. Zaragoza - gijonbasket\" \/>\n<meta property=\"og:description\" content=\"El C.B. Zaragoza anunci\u00f3 el nombramiento de To\u00f1o Mart\u00edn como nuevo t\u00e9cnico tras la destituci\u00f3n de V\u00edctor Rubio. To\u00f1o Mart\u00edn abandona el cargo de Director T\u00e9cnico para tomar las riendas del equipo desde el banquillo. 24 a\u00f1os suma To\u00f1o Mart\u00edn en el C.B. Zaragoza.\" \/>\n<meta property=\"og:url\" content=\"https:\/\/gijonbasket.com\/en\/2026\/01\/16\/tono-martin-nuevo-tecnico-del-c-b-zaragoza\/\" \/>\n<meta property=\"og:site_name\" content=\"gijonbasket\" \/>\n<meta property=\"article:published_time\" content=\"2026-01-16T18:55:40+00:00\" \/>\n<meta property=\"article:modified_time\" content=\"2026-01-16T18:55:41+00:00\" \/>\n<meta name=\"author\" content=\"Cesar Morales\" \/>\n<meta name=\"twitter:card\" content=\"summary_large_image\" \/>\n<meta name=\"twitter:label1\" content=\"Written by\" \/>\n\t<meta name=\"twitter:data1\" content=\"Cesar Morales\" \/>\n\t<meta name=\"twitter:label2\" content=\"Est. reading time\" \/>\n\t<meta name=\"twitter:data2\" content=\"1 minute\" \/>\n<script type=\"application\/ld+json\" class=\"yoast-schema-graph\">{\"@context\":\"https:\/\/schema.org\",\"@graph\":[{\"@type\":\"Article\",\"@id\":\"https:\/\/gijonbasket.com\/2026\/01\/16\/tono-martin-nuevo-tecnico-del-c-b-zaragoza\/#article\",\"isPartOf\":{\"@id\":\"https:\/\/gijonbasket.com\/2026\/01\/16\/tono-martin-nuevo-tecnico-del-c-b-zaragoza\/\"},\"author\":{\"name\":\"Cesar Morales\",\"@id\":\"https:\/\/gijonbasket.com\/#\/schema\/person\/91af9ff03e8eab582ccc344b715907c0\"},\"headline\":\"To\u00f1o Mart\u00edn nuevo t\u00e9cnico del C.B. Zaragoza\",\"datePublished\":\"2026-01-16T18:55:40+00:00\",\"dateModified\":\"2026-01-16T18:55:41+00:00\",\"mainEntityOfPage\":{\"@id\":\"https:\/\/gijonbasket.com\/2026\/01\/16\/tono-martin-nuevo-tecnico-del-c-b-zaragoza\/\"},\"wordCount\":67,\"commentCount\":0,\"publisher\":{\"@id\":\"https:\/\/gijonbasket.com\/#organization\"},\"articleSection\":[\"noticias\"],\"inLanguage\":\"en-US\",\"potentialAction\":[{\"@type\":\"CommentAction\",\"name\":\"Comment\",\"target\":[\"https:\/\/gijonbasket.com\/2026\/01\/16\/tono-martin-nuevo-tecnico-del-c-b-zaragoza\/#respond\"]}]},{\"@type\":\"WebPage\",\"@id\":\"https:\/\/gijonbasket.com\/2026\/01\/16\/tono-martin-nuevo-tecnico-del-c-b-zaragoza\/\",\"url\":\"https:\/\/gijonbasket.com\/2026\/01\/16\/tono-martin-nuevo-tecnico-del-c-b-zaragoza\/\",\"name\":\"To\u00f1o Mart\u00edn nuevo t\u00e9cnico del C.B. Zaragoza - gijonbasket\",\"isPartOf\":{\"@id\":\"https:\/\/gijonbasket.com\/#website\"},\"datePublished\":\"2026-01-16T18:55:40+00:00\",\"dateModified\":\"2026-01-16T18:55:41+00:00\",\"breadcrumb\":{\"@id\":\"https:\/\/gijonbasket.com\/2026\/01\/16\/tono-martin-nuevo-tecnico-del-c-b-zaragoza\/#breadcrumb\"},\"inLanguage\":\"en-US\",\"potentialAction\":[{\"@type\":\"ReadAction\",\"target\":[\"https:\/\/gijonbasket.com\/2026\/01\/16\/tono-martin-nuevo-tecnico-del-c-b-zaragoza\/\"]}]},{\"@type\":\"BreadcrumbList\",\"@id\":\"https:\/\/gijonbasket.com\/2026\/01\/16\/tono-martin-nuevo-tecnico-del-c-b-zaragoza\/#breadcrumb\",\"itemListElement\":[{\"@type\":\"ListItem\",\"position\":1,\"name\":\"Portada\",\"item\":\"https:\/\/gijonbasket.com\/\"},{\"@type\":\"ListItem\",\"position\":2,\"name\":\"To\u00f1o Mart\u00edn nuevo t\u00e9cnico del C.B. Zaragoza\"}]},{\"@type\":\"WebSite\",\"@id\":\"https:\/\/gijonbasket.com\/#website\",\"url\":\"https:\/\/gijonbasket.com\/\",\"name\":\"gijonbasket\",\"description\":\"\",\"publisher\":{\"@id\":\"https:\/\/gijonbasket.com\/#organization\"},\"potentialAction\":[{\"@type\":\"SearchAction\",\"target\":{\"@type\":\"EntryPoint\",\"urlTemplate\":\"https:\/\/gijonbasket.com\/?s={search_term_string}\"},\"query-input\":{\"@type\":\"PropertyValueSpecification\",\"valueRequired\":true,\"valueName\":\"search_term_string\"}}],\"inLanguage\":\"en-US\"},{\"@type\":\"Organization\",\"@id\":\"https:\/\/gijonbasket.com\/#organization\",\"name\":\"gijonbasket\",\"url\":\"https:\/\/gijonbasket.com\/\",\"logo\":{\"@type\":\"ImageObject\",\"inLanguage\":\"en-US\",\"@id\":\"https:\/\/gijonbasket.com\/#\/schema\/logo\/image\/\",\"url\":\"https:\/\/gijonbasket.com\/wp-content\/uploads\/2023\/03\/LogoGijonBasket2.jpg\",\"contentUrl\":\"https:\/\/gijonbasket.com\/wp-content\/uploads\/2023\/03\/LogoGijonBasket2.jpg\",\"width\":2000,\"height\":550,\"caption\":\"gijonbasket\"},\"image\":{\"@id\":\"https:\/\/gijonbasket.com\/#\/schema\/logo\/image\/\"}},{\"@type\":\"Person\",\"@id\":\"https:\/\/gijonbasket.com\/#\/schema\/person\/91af9ff03e8eab582ccc344b715907c0\",\"name\":\"Cesar Morales\",\"image\":{\"@type\":\"ImageObject\",\"inLanguage\":\"en-US\",\"@id\":\"https:\/\/gijonbasket.com\/#\/schema\/person\/image\/\",\"url\":\"https:\/\/secure.gravatar.com\/avatar\/ab9ddf1e87f7580cae3deefb05a58c5cf4f0c7f96f033fd7dacc23f0e8d149ca?s=96&d=mm&r=g\",\"contentUrl\":\"https:\/\/secure.gravatar.com\/avatar\/ab9ddf1e87f7580cae3deefb05a58c5cf4f0c7f96f033fd7dacc23f0e8d149ca?s=96&d=mm&r=g\",\"caption\":\"Cesar Morales\"},\"url\":\"https:\/\/gijonbasket.com\/en\/author\/cesar\/\"}]}<\/script>\n<!-- \/ Yoast SEO plugin. -->","yoast_head_json":{"title":"To\u00f1o Mart\u00edn nuevo t\u00e9cnico del C.B. Zaragoza - gijonbasket","robots":{"index":"index","follow":"follow","max-snippet":"max-snippet:-1","max-image-preview":"max-image-preview:large","max-video-preview":"max-video-preview:-1"},"canonical":"https:\/\/gijonbasket.com\/en\/2026\/01\/16\/tono-martin-nuevo-tecnico-del-c-b-zaragoza\/","og_locale":"en_US","og_type":"article","og_title":"To\u00f1o Mart\u00edn nuevo t\u00e9cnico del C.B. Zaragoza - gijonbasket","og_description":"El C.B. Zaragoza anunci\u00f3 el nombramiento de To\u00f1o Mart\u00edn como nuevo t\u00e9cnico tras la destituci\u00f3n de V\u00edctor Rubio. To\u00f1o Mart\u00edn abandona el cargo de Director T\u00e9cnico para tomar las riendas del equipo desde el banquillo. 24 a\u00f1os suma To\u00f1o Mart\u00edn en el C.B. Zaragoza.","og_url":"https:\/\/gijonbasket.com\/en\/2026\/01\/16\/tono-martin-nuevo-tecnico-del-c-b-zaragoza\/","og_site_name":"gijonbasket","article_published_time":"2026-01-16T18:55:40+00:00","article_modified_time":"2026-01-16T18:55:41+00:00","author":"Cesar Morales","twitter_card":"summary_large_image","twitter_misc":{"Written by":"Cesar Morales","Est. reading time":"1 minute"},"schema":{"@context":"https:\/\/schema.org","@graph":[{"@type":"Article","@id":"https:\/\/gijonbasket.com\/2026\/01\/16\/tono-martin-nuevo-tecnico-del-c-b-zaragoza\/#article","isPartOf":{"@id":"https:\/\/gijonbasket.com\/2026\/01\/16\/tono-martin-nuevo-tecnico-del-c-b-zaragoza\/"},"author":{"name":"Cesar Morales","@id":"https:\/\/gijonbasket.com\/#\/schema\/person\/91af9ff03e8eab582ccc344b715907c0"},"headline":"To\u00f1o Mart\u00edn nuevo t\u00e9cnico del C.B. Zaragoza","datePublished":"2026-01-16T18:55:40+00:00","dateModified":"2026-01-16T18:55:41+00:00","mainEntityOfPage":{"@id":"https:\/\/gijonbasket.com\/2026\/01\/16\/tono-martin-nuevo-tecnico-del-c-b-zaragoza\/"},"wordCount":67,"commentCount":0,"publisher":{"@id":"https:\/\/gijonbasket.com\/#organization"},"articleSection":["noticias"],"inLanguage":"en-US","potentialAction":[{"@type":"CommentAction","name":"Comment","target":["https:\/\/gijonbasket.com\/2026\/01\/16\/tono-martin-nuevo-tecnico-del-c-b-zaragoza\/#respond"]}]},{"@type":"WebPage","@id":"https:\/\/gijonbasket.com\/2026\/01\/16\/tono-martin-nuevo-tecnico-del-c-b-zaragoza\/","url":"https:\/\/gijonbasket.com\/2026\/01\/16\/tono-martin-nuevo-tecnico-del-c-b-zaragoza\/","name":"To\u00f1o Mart\u00edn nuevo t\u00e9cnico del C.B. Zaragoza - gijonbasket","isPartOf":{"@id":"https:\/\/gijonbasket.com\/#website"},"datePublished":"2026-01-16T18:55:40+00:00","dateModified":"2026-01-16T18:55:41+00:00","breadcrumb":{"@id":"https:\/\/gijonbasket.com\/2026\/01\/16\/tono-martin-nuevo-tecnico-del-c-b-zaragoza\/#breadcrumb"},"inLanguage":"en-US","potentialAction":[{"@type":"ReadAction","target":["https:\/\/gijonbasket.com\/2026\/01\/16\/tono-martin-nuevo-tecnico-del-c-b-zaragoza\/"]}]},{"@type":"BreadcrumbList","@id":"https:\/\/gijonbasket.com\/2026\/01\/16\/tono-martin-nuevo-tecnico-del-c-b-zaragoza\/#breadcrumb","itemListElement":[{"@type":"ListItem","position":1,"name":"Portada","item":"https:\/\/gijonbasket.com\/"},{"@type":"ListItem","position":2,"name":"To\u00f1o Mart\u00edn nuevo t\u00e9cnico del C.B. Zaragoza"}]},{"@type":"WebSite","@id":"https:\/\/gijonbasket.com\/#website","url":"https:\/\/gijonbasket.com\/","name":"gijonbasket","description":"","publisher":{"@id":"https:\/\/gijonbasket.com\/#organization"},"potentialAction":[{"@type":"SearchAction","target":{"@type":"EntryPoint","urlTemplate":"https:\/\/gijonbasket.com\/?s={search_term_string}"},"query-input":{"@type":"PropertyValueSpecification","valueRequired":true,"valueName":"search_term_string"}}],"inLanguage":"en-US"},{"@type":"Organization","@id":"https:\/\/gijonbasket.com\/#organization","name":"gijonbasket","url":"https:\/\/gijonbasket.com\/","logo":{"@type":"ImageObject","inLanguage":"en-US","@id":"https:\/\/gijonbasket.com\/#\/schema\/logo\/image\/","url":"https:\/\/gijonbasket.com\/wp-content\/uploads\/2023\/03\/LogoGijonBasket2.jpg","contentUrl":"https:\/\/gijonbasket.com\/wp-content\/uploads\/2023\/03\/LogoGijonBasket2.jpg","width":2000,"height":550,"caption":"gijonbasket"},"image":{"@id":"https:\/\/gijonbasket.com\/#\/schema\/logo\/image\/"}},{"@type":"Person","@id":"https:\/\/gijonbasket.com\/#\/schema\/person\/91af9ff03e8eab582ccc344b715907c0","name":"Cesar Morales","image":{"@type":"ImageObject","inLanguage":"en-US","@id":"https:\/\/gijonbasket.com\/#\/schema\/person\/image\/","url":"https:\/\/secure.gravatar.com\/avatar\/ab9ddf1e87f7580cae3deefb05a58c5cf4f0c7f96f033fd7dacc23f0e8d149ca?s=96&d=mm&r=g","contentUrl":"https:\/\/secure.gravatar.com\/avatar\/ab9ddf1e87f7580cae3deefb05a58c5cf4f0c7f96f033fd7dacc23f0e8d149ca?s=96&d=mm&r=g","caption":"Cesar Morales"},"url":"https:\/\/gijonbasket.com\/en\/author\/cesar\/"}]}},"_links":{"self":[{"href":"https:\/\/gijonbasket.com\/en\/wp-json\/wp\/v2\/posts\/9777","targetHints":{"allow":["GET"]}}],"collection":[{"href":"https:\/\/gijonbasket.com\/en\/wp-json\/wp\/v2\/posts"}],"about":[{"href":"https:\/\/gijonbasket.com\/en\/wp-json\/wp\/v2\/types\/post"}],"author":[{"embeddable":true,"href":"https:\/\/gijonbasket.com\/en\/wp-json\/wp\/v2\/users\/2"}],"replies":[{"embeddable":true,"href":"https:\/\/gijonbasket.com\/en\/wp-json\/wp\/v2\/comments?post=9777"}],"version-history":[{"count":1,"href":"https:\/\/gijonbasket.com\/en\/wp-json\/wp\/v2\/posts\/9777\/revisions"}],"predecessor-version":[{"id":9778,"href":"https:\/\/gijonbasket.com\/en\/wp-json\/wp\/v2\/posts\/9777\/revisions\/9778"}],"wp:attachment":[{"href":"https:\/\/gijonbasket.com\/en\/wp-json\/wp\/v2\/media?parent=9777"}],"wp:term":[{"taxonomy":"category","embeddable":true,"href":"https:\/\/gijonbasket.com\/en\/wp-json\/wp\/v2\/categories?post=9777"},{"taxonomy":"post_tag","embeddable":true,"href":"https:\/\/gijonbasket.com\/en\/wp-json\/wp\/v2\/tags?post=9777"}],"curies":[{"name":"wp","href":"https:\/\/api.w.org\/{rel}","templated":true}]}}