{"id":9837,"date":"2026-01-23T10:26:43","date_gmt":"2026-01-23T09:26:43","guid":{"rendered":"https:\/\/gijonbasket.com\/?p=9837"},"modified":"2026-01-23T10:26:44","modified_gmt":"2026-01-23T09:26:44","slug":"jaden-wells-adios-por-lesion-al-lobe-huesca-la-magia","status":"publish","type":"post","link":"https:\/\/gijonbasket.com\/en\/2026\/01\/23\/jaden-wells-adios-por-lesion-al-lobe-huesca-la-magia\/","title":{"rendered":"Jaden Wells adi\u00f3s por lesi\u00f3n al Lobe Huesca La Magia"},"content":{"rendered":"<p>El Lobe Huesca La Magia y Jaden Wells seaparan sus caminos por culpa de una lesi\u00f3n en un hombro que le impedir\u00e1 finalizar la presente temporada.<\/p>\n\n\n\n<p>Jaden Wells se lesion\u00f3 en un hombro en el mes de noviembre.<\/p>\n\n\n\n<p>Escolta estadounidense de 23 a\u00f1os y 1.85 m. que cumpl\u00eda su primera temporada en el conjunto oscense.<\/p>\n\n\n\n<p>Jaden Wells estaba promediando 15 ppp; 2.8 rpp (Temporada Regular) con el Lobe Huesca La Magia del Grupo Este de Segunda FEB.<\/p>\n\n\n\n<p><\/p>","protected":false},"excerpt":{"rendered":"<p>El Lobe Huesca La Magia y Jaden Wells seaparan sus caminos por culpa de una lesi\u00f3n en un hombro que le impedir\u00e1 finalizar la presente temporada. Jaden Wells se lesion\u00f3 en un hombro en el mes de noviembre. Escolta estadounidense de 23 a\u00f1os y 1.85 m. que cumpl\u00eda su primera temporada en el conjunto oscense.&hellip;&nbsp;<a href=\"https:\/\/gijonbasket.com\/en\/2026\/01\/23\/jaden-wells-adios-por-lesion-al-lobe-huesca-la-magia\/\" class=\"\" rel=\"bookmark\">Read More &raquo;<span class=\"screen-reader-text\">Jaden Wells adi\u00f3s por lesi\u00f3n al Lobe Huesca La Magia<\/span><\/a><\/p>","protected":false},"author":2,"featured_media":0,"comment_status":"open","ping_status":"open","sticky":false,"template":"","format":"standard","meta":{"neve_meta_sidebar":"","neve_meta_container":"","neve_meta_enable_content_width":"","neve_meta_content_width":0,"neve_meta_title_alignment":"","neve_meta_author_avatar":"","neve_post_elements_order":"","neve_meta_disable_header":"","neve_meta_disable_footer":"","neve_meta_disable_title":"","footnotes":""},"categories":[4],"tags":[],"class_list":["post-9837","post","type-post","status-publish","format-standard","hentry","category-noticias"],"yoast_head":"<!-- This site is optimized with the Yoast SEO plugin v23.4 - https:\/\/yoast.com\/wordpress\/plugins\/seo\/ -->\n<title>Jaden Wells adi\u00f3s por lesi\u00f3n al Lobe Huesca La Magia - gijonbasket<\/title>\n<meta name=\"robots\" content=\"index, follow, max-snippet:-1, max-image-preview:large, max-video-preview:-1\" \/>\n<link rel=\"canonical\" href=\"https:\/\/gijonbasket.com\/en\/2026\/01\/23\/jaden-wells-adios-por-lesion-al-lobe-huesca-la-magia\/\" \/>\n<meta property=\"og:locale\" content=\"en_US\" \/>\n<meta property=\"og:type\" content=\"article\" \/>\n<meta property=\"og:title\" content=\"Jaden Wells adi\u00f3s por lesi\u00f3n al Lobe Huesca La Magia - gijonbasket\" \/>\n<meta property=\"og:description\" content=\"El Lobe Huesca La Magia y Jaden Wells seaparan sus caminos por culpa de una lesi\u00f3n en un hombro que le impedir\u00e1 finalizar la presente temporada. Jaden Wells se lesion\u00f3 en un hombro en el mes de noviembre. Escolta estadounidense de 23 a\u00f1os y 1.85 m. que cumpl\u00eda su primera temporada en el conjunto oscense.&hellip;&nbsp;Read More &raquo;Jaden Wells adi\u00f3s por lesi\u00f3n al Lobe Huesca La Magia\" \/>\n<meta property=\"og:url\" content=\"https:\/\/gijonbasket.com\/en\/2026\/01\/23\/jaden-wells-adios-por-lesion-al-lobe-huesca-la-magia\/\" \/>\n<meta property=\"og:site_name\" content=\"gijonbasket\" \/>\n<meta property=\"article:published_time\" content=\"2026-01-23T09:26:43+00:00\" \/>\n<meta property=\"article:modified_time\" content=\"2026-01-23T09:26:44+00:00\" \/>\n<meta name=\"author\" content=\"Cesar Morales\" \/>\n<meta name=\"twitter:card\" content=\"summary_large_image\" \/>\n<meta name=\"twitter:label1\" content=\"Written by\" \/>\n\t<meta name=\"twitter:data1\" content=\"Cesar Morales\" \/>\n\t<meta name=\"twitter:label2\" content=\"Est. reading time\" \/>\n\t<meta name=\"twitter:data2\" content=\"1 minute\" \/>\n<script type=\"application\/ld+json\" class=\"yoast-schema-graph\">{\"@context\":\"https:\/\/schema.org\",\"@graph\":[{\"@type\":\"Article\",\"@id\":\"https:\/\/gijonbasket.com\/2026\/01\/23\/jaden-wells-adios-por-lesion-al-lobe-huesca-la-magia\/#article\",\"isPartOf\":{\"@id\":\"https:\/\/gijonbasket.com\/2026\/01\/23\/jaden-wells-adios-por-lesion-al-lobe-huesca-la-magia\/\"},\"author\":{\"name\":\"Cesar Morales\",\"@id\":\"https:\/\/gijonbasket.com\/#\/schema\/person\/91af9ff03e8eab582ccc344b715907c0\"},\"headline\":\"Jaden Wells adi\u00f3s por lesi\u00f3n al Lobe Huesca La Magia\",\"datePublished\":\"2026-01-23T09:26:43+00:00\",\"dateModified\":\"2026-01-23T09:26:44+00:00\",\"mainEntityOfPage\":{\"@id\":\"https:\/\/gijonbasket.com\/2026\/01\/23\/jaden-wells-adios-por-lesion-al-lobe-huesca-la-magia\/\"},\"wordCount\":88,\"commentCount\":0,\"publisher\":{\"@id\":\"https:\/\/gijonbasket.com\/#organization\"},\"articleSection\":[\"noticias\"],\"inLanguage\":\"en-US\",\"potentialAction\":[{\"@type\":\"CommentAction\",\"name\":\"Comment\",\"target\":[\"https:\/\/gijonbasket.com\/2026\/01\/23\/jaden-wells-adios-por-lesion-al-lobe-huesca-la-magia\/#respond\"]}]},{\"@type\":\"WebPage\",\"@id\":\"https:\/\/gijonbasket.com\/2026\/01\/23\/jaden-wells-adios-por-lesion-al-lobe-huesca-la-magia\/\",\"url\":\"https:\/\/gijonbasket.com\/2026\/01\/23\/jaden-wells-adios-por-lesion-al-lobe-huesca-la-magia\/\",\"name\":\"Jaden Wells adi\u00f3s por lesi\u00f3n al Lobe Huesca La Magia - gijonbasket\",\"isPartOf\":{\"@id\":\"https:\/\/gijonbasket.com\/#website\"},\"datePublished\":\"2026-01-23T09:26:43+00:00\",\"dateModified\":\"2026-01-23T09:26:44+00:00\",\"breadcrumb\":{\"@id\":\"https:\/\/gijonbasket.com\/2026\/01\/23\/jaden-wells-adios-por-lesion-al-lobe-huesca-la-magia\/#breadcrumb\"},\"inLanguage\":\"en-US\",\"potentialAction\":[{\"@type\":\"ReadAction\",\"target\":[\"https:\/\/gijonbasket.com\/2026\/01\/23\/jaden-wells-adios-por-lesion-al-lobe-huesca-la-magia\/\"]}]},{\"@type\":\"BreadcrumbList\",\"@id\":\"https:\/\/gijonbasket.com\/2026\/01\/23\/jaden-wells-adios-por-lesion-al-lobe-huesca-la-magia\/#breadcrumb\",\"itemListElement\":[{\"@type\":\"ListItem\",\"position\":1,\"name\":\"Portada\",\"item\":\"https:\/\/gijonbasket.com\/\"},{\"@type\":\"ListItem\",\"position\":2,\"name\":\"Jaden Wells adi\u00f3s por lesi\u00f3n al Lobe Huesca La Magia\"}]},{\"@type\":\"WebSite\",\"@id\":\"https:\/\/gijonbasket.com\/#website\",\"url\":\"https:\/\/gijonbasket.com\/\",\"name\":\"gijonbasket\",\"description\":\"\",\"publisher\":{\"@id\":\"https:\/\/gijonbasket.com\/#organization\"},\"potentialAction\":[{\"@type\":\"SearchAction\",\"target\":{\"@type\":\"EntryPoint\",\"urlTemplate\":\"https:\/\/gijonbasket.com\/?s={search_term_string}\"},\"query-input\":{\"@type\":\"PropertyValueSpecification\",\"valueRequired\":true,\"valueName\":\"search_term_string\"}}],\"inLanguage\":\"en-US\"},{\"@type\":\"Organization\",\"@id\":\"https:\/\/gijonbasket.com\/#organization\",\"name\":\"gijonbasket\",\"url\":\"https:\/\/gijonbasket.com\/\",\"logo\":{\"@type\":\"ImageObject\",\"inLanguage\":\"en-US\",\"@id\":\"https:\/\/gijonbasket.com\/#\/schema\/logo\/image\/\",\"url\":\"https:\/\/gijonbasket.com\/wp-content\/uploads\/2023\/03\/LogoGijonBasket2.jpg\",\"contentUrl\":\"https:\/\/gijonbasket.com\/wp-content\/uploads\/2023\/03\/LogoGijonBasket2.jpg\",\"width\":2000,\"height\":550,\"caption\":\"gijonbasket\"},\"image\":{\"@id\":\"https:\/\/gijonbasket.com\/#\/schema\/logo\/image\/\"}},{\"@type\":\"Person\",\"@id\":\"https:\/\/gijonbasket.com\/#\/schema\/person\/91af9ff03e8eab582ccc344b715907c0\",\"name\":\"Cesar Morales\",\"image\":{\"@type\":\"ImageObject\",\"inLanguage\":\"en-US\",\"@id\":\"https:\/\/gijonbasket.com\/#\/schema\/person\/image\/\",\"url\":\"https:\/\/secure.gravatar.com\/avatar\/ab9ddf1e87f7580cae3deefb05a58c5cf4f0c7f96f033fd7dacc23f0e8d149ca?s=96&d=mm&r=g\",\"contentUrl\":\"https:\/\/secure.gravatar.com\/avatar\/ab9ddf1e87f7580cae3deefb05a58c5cf4f0c7f96f033fd7dacc23f0e8d149ca?s=96&d=mm&r=g\",\"caption\":\"Cesar Morales\"},\"url\":\"https:\/\/gijonbasket.com\/en\/author\/cesar\/\"}]}<\/script>\n<!-- \/ Yoast SEO plugin. -->","yoast_head_json":{"title":"Jaden Wells adi\u00f3s por lesi\u00f3n al Lobe Huesca La Magia - gijonbasket","robots":{"index":"index","follow":"follow","max-snippet":"max-snippet:-1","max-image-preview":"max-image-preview:large","max-video-preview":"max-video-preview:-1"},"canonical":"https:\/\/gijonbasket.com\/en\/2026\/01\/23\/jaden-wells-adios-por-lesion-al-lobe-huesca-la-magia\/","og_locale":"en_US","og_type":"article","og_title":"Jaden Wells adi\u00f3s por lesi\u00f3n al Lobe Huesca La Magia - gijonbasket","og_description":"El Lobe Huesca La Magia y Jaden Wells seaparan sus caminos por culpa de una lesi\u00f3n en un hombro que le impedir\u00e1 finalizar la presente temporada. Jaden Wells se lesion\u00f3 en un hombro en el mes de noviembre. Escolta estadounidense de 23 a\u00f1os y 1.85 m. que cumpl\u00eda su primera temporada en el conjunto oscense.&hellip;&nbsp;Read More &raquo;Jaden Wells adi\u00f3s por lesi\u00f3n al Lobe Huesca La Magia","og_url":"https:\/\/gijonbasket.com\/en\/2026\/01\/23\/jaden-wells-adios-por-lesion-al-lobe-huesca-la-magia\/","og_site_name":"gijonbasket","article_published_time":"2026-01-23T09:26:43+00:00","article_modified_time":"2026-01-23T09:26:44+00:00","author":"Cesar Morales","twitter_card":"summary_large_image","twitter_misc":{"Written by":"Cesar Morales","Est. reading time":"1 minute"},"schema":{"@context":"https:\/\/schema.org","@graph":[{"@type":"Article","@id":"https:\/\/gijonbasket.com\/2026\/01\/23\/jaden-wells-adios-por-lesion-al-lobe-huesca-la-magia\/#article","isPartOf":{"@id":"https:\/\/gijonbasket.com\/2026\/01\/23\/jaden-wells-adios-por-lesion-al-lobe-huesca-la-magia\/"},"author":{"name":"Cesar Morales","@id":"https:\/\/gijonbasket.com\/#\/schema\/person\/91af9ff03e8eab582ccc344b715907c0"},"headline":"Jaden Wells adi\u00f3s por lesi\u00f3n al Lobe Huesca La Magia","datePublished":"2026-01-23T09:26:43+00:00","dateModified":"2026-01-23T09:26:44+00:00","mainEntityOfPage":{"@id":"https:\/\/gijonbasket.com\/2026\/01\/23\/jaden-wells-adios-por-lesion-al-lobe-huesca-la-magia\/"},"wordCount":88,"commentCount":0,"publisher":{"@id":"https:\/\/gijonbasket.com\/#organization"},"articleSection":["noticias"],"inLanguage":"en-US","potentialAction":[{"@type":"CommentAction","name":"Comment","target":["https:\/\/gijonbasket.com\/2026\/01\/23\/jaden-wells-adios-por-lesion-al-lobe-huesca-la-magia\/#respond"]}]},{"@type":"WebPage","@id":"https:\/\/gijonbasket.com\/2026\/01\/23\/jaden-wells-adios-por-lesion-al-lobe-huesca-la-magia\/","url":"https:\/\/gijonbasket.com\/2026\/01\/23\/jaden-wells-adios-por-lesion-al-lobe-huesca-la-magia\/","name":"Jaden Wells adi\u00f3s por lesi\u00f3n al Lobe Huesca La Magia - gijonbasket","isPartOf":{"@id":"https:\/\/gijonbasket.com\/#website"},"datePublished":"2026-01-23T09:26:43+00:00","dateModified":"2026-01-23T09:26:44+00:00","breadcrumb":{"@id":"https:\/\/gijonbasket.com\/2026\/01\/23\/jaden-wells-adios-por-lesion-al-lobe-huesca-la-magia\/#breadcrumb"},"inLanguage":"en-US","potentialAction":[{"@type":"ReadAction","target":["https:\/\/gijonbasket.com\/2026\/01\/23\/jaden-wells-adios-por-lesion-al-lobe-huesca-la-magia\/"]}]},{"@type":"BreadcrumbList","@id":"https:\/\/gijonbasket.com\/2026\/01\/23\/jaden-wells-adios-por-lesion-al-lobe-huesca-la-magia\/#breadcrumb","itemListElement":[{"@type":"ListItem","position":1,"name":"Portada","item":"https:\/\/gijonbasket.com\/"},{"@type":"ListItem","position":2,"name":"Jaden Wells adi\u00f3s por lesi\u00f3n al Lobe Huesca La Magia"}]},{"@type":"WebSite","@id":"https:\/\/gijonbasket.com\/#website","url":"https:\/\/gijonbasket.com\/","name":"gijonbasket","description":"","publisher":{"@id":"https:\/\/gijonbasket.com\/#organization"},"potentialAction":[{"@type":"SearchAction","target":{"@type":"EntryPoint","urlTemplate":"https:\/\/gijonbasket.com\/?s={search_term_string}"},"query-input":{"@type":"PropertyValueSpecification","valueRequired":true,"valueName":"search_term_string"}}],"inLanguage":"en-US"},{"@type":"Organization","@id":"https:\/\/gijonbasket.com\/#organization","name":"gijonbasket","url":"https:\/\/gijonbasket.com\/","logo":{"@type":"ImageObject","inLanguage":"en-US","@id":"https:\/\/gijonbasket.com\/#\/schema\/logo\/image\/","url":"https:\/\/gijonbasket.com\/wp-content\/uploads\/2023\/03\/LogoGijonBasket2.jpg","contentUrl":"https:\/\/gijonbasket.com\/wp-content\/uploads\/2023\/03\/LogoGijonBasket2.jpg","width":2000,"height":550,"caption":"gijonbasket"},"image":{"@id":"https:\/\/gijonbasket.com\/#\/schema\/logo\/image\/"}},{"@type":"Person","@id":"https:\/\/gijonbasket.com\/#\/schema\/person\/91af9ff03e8eab582ccc344b715907c0","name":"Cesar Morales","image":{"@type":"ImageObject","inLanguage":"en-US","@id":"https:\/\/gijonbasket.com\/#\/schema\/person\/image\/","url":"https:\/\/secure.gravatar.com\/avatar\/ab9ddf1e87f7580cae3deefb05a58c5cf4f0c7f96f033fd7dacc23f0e8d149ca?s=96&d=mm&r=g","contentUrl":"https:\/\/secure.gravatar.com\/avatar\/ab9ddf1e87f7580cae3deefb05a58c5cf4f0c7f96f033fd7dacc23f0e8d149ca?s=96&d=mm&r=g","caption":"Cesar Morales"},"url":"https:\/\/gijonbasket.com\/en\/author\/cesar\/"}]}},"_links":{"self":[{"href":"https:\/\/gijonbasket.com\/en\/wp-json\/wp\/v2\/posts\/9837","targetHints":{"allow":["GET"]}}],"collection":[{"href":"https:\/\/gijonbasket.com\/en\/wp-json\/wp\/v2\/posts"}],"about":[{"href":"https:\/\/gijonbasket.com\/en\/wp-json\/wp\/v2\/types\/post"}],"author":[{"embeddable":true,"href":"https:\/\/gijonbasket.com\/en\/wp-json\/wp\/v2\/users\/2"}],"replies":[{"embeddable":true,"href":"https:\/\/gijonbasket.com\/en\/wp-json\/wp\/v2\/comments?post=9837"}],"version-history":[{"count":1,"href":"https:\/\/gijonbasket.com\/en\/wp-json\/wp\/v2\/posts\/9837\/revisions"}],"predecessor-version":[{"id":9838,"href":"https:\/\/gijonbasket.com\/en\/wp-json\/wp\/v2\/posts\/9837\/revisions\/9838"}],"wp:attachment":[{"href":"https:\/\/gijonbasket.com\/en\/wp-json\/wp\/v2\/media?parent=9837"}],"wp:term":[{"taxonomy":"category","embeddable":true,"href":"https:\/\/gijonbasket.com\/en\/wp-json\/wp\/v2\/categories?post=9837"},{"taxonomy":"post_tag","embeddable":true,"href":"https:\/\/gijonbasket.com\/en\/wp-json\/wp\/v2\/tags?post=9837"}],"curies":[{"name":"wp","href":"https:\/\/api.w.org\/{rel}","templated":true}]}}