{"id":9888,"date":"2026-01-28T12:45:33","date_gmt":"2026-01-28T11:45:33","guid":{"rendered":"https:\/\/gijonbasket.com\/?p=9888"},"modified":"2026-01-28T12:56:35","modified_gmt":"2026-01-28T11:56:35","slug":"brad-branson-1958-2026","status":"publish","type":"post","link":"https:\/\/gijonbasket.com\/en\/2026\/01\/28\/brad-branson-1958-2026\/","title":{"rendered":"Brad Branson (1958-2026)"},"content":{"rendered":"<p>El mundo del baloncesto vuelve a estar de luto ante la noticia del fallecimiento de Brad Branson a los 67 a\u00f1os.<\/p>\n\n\n\n<p>Hist\u00f3rico ex jugador que destac\u00f3 por militar en el Real Madrid (1986\/1987; 1987\/1988) y Pamesa Valencia (1988\/1989; 1989\/19990; 1990\/1991; 1991\/1992; 1992\/1993; 1993\/1994).<\/p>\n\n\n\n<p>Formado en Edison State University (1976\/1977; 1977\/1978) y Southern Methodist University (1978\/1979; 1979\/1980).<\/p>\n\n\n\n<p>Seleccionado en NBA Draft 1980 por los Detroit Pistons con n\u00ba 45.<\/p>\n\n\n\n<p>2 temporadas NBA militando en Cleveland Cavaliers (1981\/1982) e Indiana Pacers (1982\/1983).<\/p>\n\n\n\n<p>Su primera experiencia en Europa, previa a su llegada a Espa\u00f1a, fue en Italia con el Sacramora Rimini (1980\/1981).<\/p>\n\n\n\n<p>En la temporada 1986\/1987, recal\u00f3 en el Real Madrid, donde milit\u00f3 durante dos temporadas conquistando la Copa Korac 1987\/1988.<\/p>\n\n\n\n<p>Finalizada su etapa merengue, Brad Branson defendi\u00f3 los colores del Pamesa Valencia, donde permaneci\u00f3 durante seis temporadas hasta su retirada en la campa\u00f1a 1993\/1994.<\/p>\n\n\n\n<p>Brad Branson cumpli\u00f3 8 temporadas en Espa\u00f1a defendiendo los colores de Real Madrid y Pamesa Valencia.<\/p>\n\n\n\n<p>Desde www.gijonbasket.com, enviamos nuestras condolencias a su familia y a todos los equipos que formaron parte de la carrera profesional de Brad Branson. D.E.P.<\/p>\n\n\n\n<p><\/p>","protected":false},"excerpt":{"rendered":"<p>El mundo del baloncesto vuelve a estar de luto ante la noticia del fallecimiento de Brad Branson a los 67 a\u00f1os. Hist\u00f3rico ex jugador que destac\u00f3 por militar en el Real Madrid (1986\/1987; 1987\/1988) y Pamesa Valencia (1988\/1989; 1989\/19990; 1990\/1991; 1991\/1992; 1992\/1993; 1993\/1994). Formado en Edison State University (1976\/1977; 1977\/1978) y Southern Methodist University (1978\/1979;&hellip;&nbsp;<a href=\"https:\/\/gijonbasket.com\/en\/2026\/01\/28\/brad-branson-1958-2026\/\" class=\"\" rel=\"bookmark\">Read More &raquo;<span class=\"screen-reader-text\">Brad Branson (1958-2026)<\/span><\/a><\/p>","protected":false},"author":2,"featured_media":0,"comment_status":"open","ping_status":"open","sticky":false,"template":"","format":"standard","meta":{"neve_meta_sidebar":"","neve_meta_container":"","neve_meta_enable_content_width":"","neve_meta_content_width":0,"neve_meta_title_alignment":"","neve_meta_author_avatar":"","neve_post_elements_order":"","neve_meta_disable_header":"","neve_meta_disable_footer":"","neve_meta_disable_title":"","footnotes":""},"categories":[4],"tags":[],"class_list":["post-9888","post","type-post","status-publish","format-standard","hentry","category-noticias"],"yoast_head":"<!-- This site is optimized with the Yoast SEO plugin v23.4 - https:\/\/yoast.com\/wordpress\/plugins\/seo\/ -->\n<title>Brad Branson (1958-2026) - gijonbasket<\/title>\n<meta name=\"robots\" content=\"index, follow, max-snippet:-1, max-image-preview:large, max-video-preview:-1\" \/>\n<link rel=\"canonical\" href=\"https:\/\/gijonbasket.com\/en\/2026\/01\/28\/brad-branson-1958-2026\/\" \/>\n<meta property=\"og:locale\" content=\"en_US\" \/>\n<meta property=\"og:type\" content=\"article\" \/>\n<meta property=\"og:title\" content=\"Brad Branson (1958-2026) - gijonbasket\" \/>\n<meta property=\"og:description\" content=\"El mundo del baloncesto vuelve a estar de luto ante la noticia del fallecimiento de Brad Branson a los 67 a\u00f1os. Hist\u00f3rico ex jugador que destac\u00f3 por militar en el Real Madrid (1986\/1987; 1987\/1988) y Pamesa Valencia (1988\/1989; 1989\/19990; 1990\/1991; 1991\/1992; 1992\/1993; 1993\/1994). Formado en Edison State University (1976\/1977; 1977\/1978) y Southern Methodist University (1978\/1979;&hellip;&nbsp;Read More &raquo;Brad Branson (1958-2026)\" \/>\n<meta property=\"og:url\" content=\"https:\/\/gijonbasket.com\/en\/2026\/01\/28\/brad-branson-1958-2026\/\" \/>\n<meta property=\"og:site_name\" content=\"gijonbasket\" \/>\n<meta property=\"article:published_time\" content=\"2026-01-28T11:45:33+00:00\" \/>\n<meta property=\"article:modified_time\" content=\"2026-01-28T11:56:35+00:00\" \/>\n<meta name=\"author\" content=\"Cesar Morales\" \/>\n<meta name=\"twitter:card\" content=\"summary_large_image\" \/>\n<meta name=\"twitter:label1\" content=\"Written by\" \/>\n\t<meta name=\"twitter:data1\" content=\"Cesar Morales\" \/>\n\t<meta name=\"twitter:label2\" content=\"Est. reading time\" \/>\n\t<meta name=\"twitter:data2\" content=\"1 minute\" \/>\n<script type=\"application\/ld+json\" class=\"yoast-schema-graph\">{\"@context\":\"https:\/\/schema.org\",\"@graph\":[{\"@type\":\"Article\",\"@id\":\"https:\/\/gijonbasket.com\/2026\/01\/28\/brad-branson-1958-2026\/#article\",\"isPartOf\":{\"@id\":\"https:\/\/gijonbasket.com\/2026\/01\/28\/brad-branson-1958-2026\/\"},\"author\":{\"name\":\"Cesar Morales\",\"@id\":\"https:\/\/gijonbasket.com\/#\/schema\/person\/91af9ff03e8eab582ccc344b715907c0\"},\"headline\":\"Brad Branson (1958-2026)\",\"datePublished\":\"2026-01-28T11:45:33+00:00\",\"dateModified\":\"2026-01-28T11:56:35+00:00\",\"mainEntityOfPage\":{\"@id\":\"https:\/\/gijonbasket.com\/2026\/01\/28\/brad-branson-1958-2026\/\"},\"wordCount\":171,\"commentCount\":0,\"publisher\":{\"@id\":\"https:\/\/gijonbasket.com\/#organization\"},\"articleSection\":[\"noticias\"],\"inLanguage\":\"en-US\",\"potentialAction\":[{\"@type\":\"CommentAction\",\"name\":\"Comment\",\"target\":[\"https:\/\/gijonbasket.com\/2026\/01\/28\/brad-branson-1958-2026\/#respond\"]}]},{\"@type\":\"WebPage\",\"@id\":\"https:\/\/gijonbasket.com\/2026\/01\/28\/brad-branson-1958-2026\/\",\"url\":\"https:\/\/gijonbasket.com\/2026\/01\/28\/brad-branson-1958-2026\/\",\"name\":\"Brad Branson (1958-2026) - gijonbasket\",\"isPartOf\":{\"@id\":\"https:\/\/gijonbasket.com\/#website\"},\"datePublished\":\"2026-01-28T11:45:33+00:00\",\"dateModified\":\"2026-01-28T11:56:35+00:00\",\"breadcrumb\":{\"@id\":\"https:\/\/gijonbasket.com\/2026\/01\/28\/brad-branson-1958-2026\/#breadcrumb\"},\"inLanguage\":\"en-US\",\"potentialAction\":[{\"@type\":\"ReadAction\",\"target\":[\"https:\/\/gijonbasket.com\/2026\/01\/28\/brad-branson-1958-2026\/\"]}]},{\"@type\":\"BreadcrumbList\",\"@id\":\"https:\/\/gijonbasket.com\/2026\/01\/28\/brad-branson-1958-2026\/#breadcrumb\",\"itemListElement\":[{\"@type\":\"ListItem\",\"position\":1,\"name\":\"Portada\",\"item\":\"https:\/\/gijonbasket.com\/\"},{\"@type\":\"ListItem\",\"position\":2,\"name\":\"Brad Branson (1958-2026)\"}]},{\"@type\":\"WebSite\",\"@id\":\"https:\/\/gijonbasket.com\/#website\",\"url\":\"https:\/\/gijonbasket.com\/\",\"name\":\"gijonbasket\",\"description\":\"\",\"publisher\":{\"@id\":\"https:\/\/gijonbasket.com\/#organization\"},\"potentialAction\":[{\"@type\":\"SearchAction\",\"target\":{\"@type\":\"EntryPoint\",\"urlTemplate\":\"https:\/\/gijonbasket.com\/?s={search_term_string}\"},\"query-input\":{\"@type\":\"PropertyValueSpecification\",\"valueRequired\":true,\"valueName\":\"search_term_string\"}}],\"inLanguage\":\"en-US\"},{\"@type\":\"Organization\",\"@id\":\"https:\/\/gijonbasket.com\/#organization\",\"name\":\"gijonbasket\",\"url\":\"https:\/\/gijonbasket.com\/\",\"logo\":{\"@type\":\"ImageObject\",\"inLanguage\":\"en-US\",\"@id\":\"https:\/\/gijonbasket.com\/#\/schema\/logo\/image\/\",\"url\":\"https:\/\/gijonbasket.com\/wp-content\/uploads\/2023\/03\/LogoGijonBasket2.jpg\",\"contentUrl\":\"https:\/\/gijonbasket.com\/wp-content\/uploads\/2023\/03\/LogoGijonBasket2.jpg\",\"width\":2000,\"height\":550,\"caption\":\"gijonbasket\"},\"image\":{\"@id\":\"https:\/\/gijonbasket.com\/#\/schema\/logo\/image\/\"}},{\"@type\":\"Person\",\"@id\":\"https:\/\/gijonbasket.com\/#\/schema\/person\/91af9ff03e8eab582ccc344b715907c0\",\"name\":\"Cesar Morales\",\"image\":{\"@type\":\"ImageObject\",\"inLanguage\":\"en-US\",\"@id\":\"https:\/\/gijonbasket.com\/#\/schema\/person\/image\/\",\"url\":\"https:\/\/secure.gravatar.com\/avatar\/ab9ddf1e87f7580cae3deefb05a58c5cf4f0c7f96f033fd7dacc23f0e8d149ca?s=96&d=mm&r=g\",\"contentUrl\":\"https:\/\/secure.gravatar.com\/avatar\/ab9ddf1e87f7580cae3deefb05a58c5cf4f0c7f96f033fd7dacc23f0e8d149ca?s=96&d=mm&r=g\",\"caption\":\"Cesar Morales\"},\"url\":\"https:\/\/gijonbasket.com\/en\/author\/cesar\/\"}]}<\/script>\n<!-- \/ Yoast SEO plugin. -->","yoast_head_json":{"title":"Brad Branson (1958-2026) - gijonbasket","robots":{"index":"index","follow":"follow","max-snippet":"max-snippet:-1","max-image-preview":"max-image-preview:large","max-video-preview":"max-video-preview:-1"},"canonical":"https:\/\/gijonbasket.com\/en\/2026\/01\/28\/brad-branson-1958-2026\/","og_locale":"en_US","og_type":"article","og_title":"Brad Branson (1958-2026) - gijonbasket","og_description":"El mundo del baloncesto vuelve a estar de luto ante la noticia del fallecimiento de Brad Branson a los 67 a\u00f1os. Hist\u00f3rico ex jugador que destac\u00f3 por militar en el Real Madrid (1986\/1987; 1987\/1988) y Pamesa Valencia (1988\/1989; 1989\/19990; 1990\/1991; 1991\/1992; 1992\/1993; 1993\/1994). Formado en Edison State University (1976\/1977; 1977\/1978) y Southern Methodist University (1978\/1979;&hellip;&nbsp;Read More &raquo;Brad Branson (1958-2026)","og_url":"https:\/\/gijonbasket.com\/en\/2026\/01\/28\/brad-branson-1958-2026\/","og_site_name":"gijonbasket","article_published_time":"2026-01-28T11:45:33+00:00","article_modified_time":"2026-01-28T11:56:35+00:00","author":"Cesar Morales","twitter_card":"summary_large_image","twitter_misc":{"Written by":"Cesar Morales","Est. reading time":"1 minute"},"schema":{"@context":"https:\/\/schema.org","@graph":[{"@type":"Article","@id":"https:\/\/gijonbasket.com\/2026\/01\/28\/brad-branson-1958-2026\/#article","isPartOf":{"@id":"https:\/\/gijonbasket.com\/2026\/01\/28\/brad-branson-1958-2026\/"},"author":{"name":"Cesar Morales","@id":"https:\/\/gijonbasket.com\/#\/schema\/person\/91af9ff03e8eab582ccc344b715907c0"},"headline":"Brad Branson (1958-2026)","datePublished":"2026-01-28T11:45:33+00:00","dateModified":"2026-01-28T11:56:35+00:00","mainEntityOfPage":{"@id":"https:\/\/gijonbasket.com\/2026\/01\/28\/brad-branson-1958-2026\/"},"wordCount":171,"commentCount":0,"publisher":{"@id":"https:\/\/gijonbasket.com\/#organization"},"articleSection":["noticias"],"inLanguage":"en-US","potentialAction":[{"@type":"CommentAction","name":"Comment","target":["https:\/\/gijonbasket.com\/2026\/01\/28\/brad-branson-1958-2026\/#respond"]}]},{"@type":"WebPage","@id":"https:\/\/gijonbasket.com\/2026\/01\/28\/brad-branson-1958-2026\/","url":"https:\/\/gijonbasket.com\/2026\/01\/28\/brad-branson-1958-2026\/","name":"Brad Branson (1958-2026) - gijonbasket","isPartOf":{"@id":"https:\/\/gijonbasket.com\/#website"},"datePublished":"2026-01-28T11:45:33+00:00","dateModified":"2026-01-28T11:56:35+00:00","breadcrumb":{"@id":"https:\/\/gijonbasket.com\/2026\/01\/28\/brad-branson-1958-2026\/#breadcrumb"},"inLanguage":"en-US","potentialAction":[{"@type":"ReadAction","target":["https:\/\/gijonbasket.com\/2026\/01\/28\/brad-branson-1958-2026\/"]}]},{"@type":"BreadcrumbList","@id":"https:\/\/gijonbasket.com\/2026\/01\/28\/brad-branson-1958-2026\/#breadcrumb","itemListElement":[{"@type":"ListItem","position":1,"name":"Portada","item":"https:\/\/gijonbasket.com\/"},{"@type":"ListItem","position":2,"name":"Brad Branson (1958-2026)"}]},{"@type":"WebSite","@id":"https:\/\/gijonbasket.com\/#website","url":"https:\/\/gijonbasket.com\/","name":"gijonbasket","description":"","publisher":{"@id":"https:\/\/gijonbasket.com\/#organization"},"potentialAction":[{"@type":"SearchAction","target":{"@type":"EntryPoint","urlTemplate":"https:\/\/gijonbasket.com\/?s={search_term_string}"},"query-input":{"@type":"PropertyValueSpecification","valueRequired":true,"valueName":"search_term_string"}}],"inLanguage":"en-US"},{"@type":"Organization","@id":"https:\/\/gijonbasket.com\/#organization","name":"gijonbasket","url":"https:\/\/gijonbasket.com\/","logo":{"@type":"ImageObject","inLanguage":"en-US","@id":"https:\/\/gijonbasket.com\/#\/schema\/logo\/image\/","url":"https:\/\/gijonbasket.com\/wp-content\/uploads\/2023\/03\/LogoGijonBasket2.jpg","contentUrl":"https:\/\/gijonbasket.com\/wp-content\/uploads\/2023\/03\/LogoGijonBasket2.jpg","width":2000,"height":550,"caption":"gijonbasket"},"image":{"@id":"https:\/\/gijonbasket.com\/#\/schema\/logo\/image\/"}},{"@type":"Person","@id":"https:\/\/gijonbasket.com\/#\/schema\/person\/91af9ff03e8eab582ccc344b715907c0","name":"Cesar Morales","image":{"@type":"ImageObject","inLanguage":"en-US","@id":"https:\/\/gijonbasket.com\/#\/schema\/person\/image\/","url":"https:\/\/secure.gravatar.com\/avatar\/ab9ddf1e87f7580cae3deefb05a58c5cf4f0c7f96f033fd7dacc23f0e8d149ca?s=96&d=mm&r=g","contentUrl":"https:\/\/secure.gravatar.com\/avatar\/ab9ddf1e87f7580cae3deefb05a58c5cf4f0c7f96f033fd7dacc23f0e8d149ca?s=96&d=mm&r=g","caption":"Cesar Morales"},"url":"https:\/\/gijonbasket.com\/en\/author\/cesar\/"}]}},"_links":{"self":[{"href":"https:\/\/gijonbasket.com\/en\/wp-json\/wp\/v2\/posts\/9888","targetHints":{"allow":["GET"]}}],"collection":[{"href":"https:\/\/gijonbasket.com\/en\/wp-json\/wp\/v2\/posts"}],"about":[{"href":"https:\/\/gijonbasket.com\/en\/wp-json\/wp\/v2\/types\/post"}],"author":[{"embeddable":true,"href":"https:\/\/gijonbasket.com\/en\/wp-json\/wp\/v2\/users\/2"}],"replies":[{"embeddable":true,"href":"https:\/\/gijonbasket.com\/en\/wp-json\/wp\/v2\/comments?post=9888"}],"version-history":[{"count":2,"href":"https:\/\/gijonbasket.com\/en\/wp-json\/wp\/v2\/posts\/9888\/revisions"}],"predecessor-version":[{"id":9890,"href":"https:\/\/gijonbasket.com\/en\/wp-json\/wp\/v2\/posts\/9888\/revisions\/9890"}],"wp:attachment":[{"href":"https:\/\/gijonbasket.com\/en\/wp-json\/wp\/v2\/media?parent=9888"}],"wp:term":[{"taxonomy":"category","embeddable":true,"href":"https:\/\/gijonbasket.com\/en\/wp-json\/wp\/v2\/categories?post=9888"},{"taxonomy":"post_tag","embeddable":true,"href":"https:\/\/gijonbasket.com\/en\/wp-json\/wp\/v2\/tags?post=9888"}],"curies":[{"name":"wp","href":"https:\/\/api.w.org\/{rel}","templated":true}]}}