{"id":9894,"date":"2026-01-29T09:00:04","date_gmt":"2026-01-29T08:00:04","guid":{"rendered":"https:\/\/gijonbasket.com\/?p=9894"},"modified":"2026-01-29T09:00:06","modified_gmt":"2026-01-29T08:00:06","slug":"travis-munnings-nuevo-fichaje-del-monbus-obradoiro","status":"publish","type":"post","link":"https:\/\/gijonbasket.com\/en\/2026\/01\/29\/travis-munnings-nuevo-fichaje-del-monbus-obradoiro\/","title":{"rendered":"Travis Munnings nuevo fichaje del Monbus Obradoiro"},"content":{"rendered":"<p>El Monbus Obradoiro anunci\u00f3 el fichaje de Travis Munnings para cubrir la baja por lesi\u00f3n de Olle Lundqvist.<\/p>\n\n\n\n<p>Tercer fichaje con la temporada en curso por parte del Monbus Obradoiro tras Dejan Kravic y Micah Speight.<\/p>\n\n\n\n<p>Travis Munnings, alero estadounidense con nacionalidad bahame\u00f1a de 31 a\u00f1os y 1.98 m., militaba esta temporada en el Covir\u00e1n Granada y tras rescindir su contrato con el conjunto nazar\u00ed recala en el Monbus Obradoiro.<\/p>\n\n\n\n<p>Travis Munnings se estren\u00f3 la pasada temporada en Espa\u00f1a con el Flexicar Fuenlabrada promediando 8.8 ppp; 4.2 rpp (Temporada Regular) y 8.8 ppp; 4 rpp (Copa Espa\u00f1a).<\/p>\n\n\n\n<p>Tras su paso por el Flexicar Fuenlabrada, Munnings di\u00f3 el salto al Covir\u00e1n Granada para jugar en Liga Endesa.<\/p>\n\n\n\n<p>Travis Munnings promedi\u00f3 esta temporada con el Covir\u00e1n Granada 2.6 ppp; 1.3 rpp en 11 partidos.<\/p>\n\n\n\n<p>Internacional por Bahamas.<\/p>","protected":false},"excerpt":{"rendered":"<p>El Monbus Obradoiro anunci\u00f3 el fichaje de Travis Munnings para cubrir la baja por lesi\u00f3n de Olle Lundqvist. Tercer fichaje con la temporada en curso por parte del Monbus Obradoiro tras Dejan Kravic y Micah Speight. Travis Munnings, alero estadounidense con nacionalidad bahame\u00f1a de 31 a\u00f1os y 1.98 m., militaba esta temporada en el Covir\u00e1n&hellip;&nbsp;<a href=\"https:\/\/gijonbasket.com\/en\/2026\/01\/29\/travis-munnings-nuevo-fichaje-del-monbus-obradoiro\/\" class=\"\" rel=\"bookmark\">Read More &raquo;<span class=\"screen-reader-text\">Travis Munnings nuevo fichaje del Monbus Obradoiro<\/span><\/a><\/p>","protected":false},"author":2,"featured_media":0,"comment_status":"open","ping_status":"open","sticky":false,"template":"","format":"standard","meta":{"neve_meta_sidebar":"","neve_meta_container":"","neve_meta_enable_content_width":"","neve_meta_content_width":0,"neve_meta_title_alignment":"","neve_meta_author_avatar":"","neve_post_elements_order":"","neve_meta_disable_header":"","neve_meta_disable_footer":"","neve_meta_disable_title":"","footnotes":""},"categories":[4],"tags":[],"class_list":["post-9894","post","type-post","status-publish","format-standard","hentry","category-noticias"],"yoast_head":"<!-- This site is optimized with the Yoast SEO plugin v23.4 - https:\/\/yoast.com\/wordpress\/plugins\/seo\/ -->\n<title>Travis Munnings nuevo fichaje del Monbus Obradoiro - gijonbasket<\/title>\n<meta name=\"robots\" content=\"index, follow, max-snippet:-1, max-image-preview:large, max-video-preview:-1\" \/>\n<link rel=\"canonical\" href=\"https:\/\/gijonbasket.com\/en\/2026\/01\/29\/travis-munnings-nuevo-fichaje-del-monbus-obradoiro\/\" \/>\n<meta property=\"og:locale\" content=\"en_US\" \/>\n<meta property=\"og:type\" content=\"article\" \/>\n<meta property=\"og:title\" content=\"Travis Munnings nuevo fichaje del Monbus Obradoiro - gijonbasket\" \/>\n<meta property=\"og:description\" content=\"El Monbus Obradoiro anunci\u00f3 el fichaje de Travis Munnings para cubrir la baja por lesi\u00f3n de Olle Lundqvist. Tercer fichaje con la temporada en curso por parte del Monbus Obradoiro tras Dejan Kravic y Micah Speight. Travis Munnings, alero estadounidense con nacionalidad bahame\u00f1a de 31 a\u00f1os y 1.98 m., militaba esta temporada en el Covir\u00e1n&hellip;&nbsp;Read More &raquo;Travis Munnings nuevo fichaje del Monbus Obradoiro\" \/>\n<meta property=\"og:url\" content=\"https:\/\/gijonbasket.com\/en\/2026\/01\/29\/travis-munnings-nuevo-fichaje-del-monbus-obradoiro\/\" \/>\n<meta property=\"og:site_name\" content=\"gijonbasket\" \/>\n<meta property=\"article:published_time\" content=\"2026-01-29T08:00:04+00:00\" \/>\n<meta property=\"article:modified_time\" content=\"2026-01-29T08:00:06+00:00\" \/>\n<meta name=\"author\" content=\"Cesar Morales\" \/>\n<meta name=\"twitter:card\" content=\"summary_large_image\" \/>\n<meta name=\"twitter:label1\" content=\"Written by\" \/>\n\t<meta name=\"twitter:data1\" content=\"Cesar Morales\" \/>\n\t<meta name=\"twitter:label2\" content=\"Est. reading time\" \/>\n\t<meta name=\"twitter:data2\" content=\"1 minute\" \/>\n<script type=\"application\/ld+json\" class=\"yoast-schema-graph\">{\"@context\":\"https:\/\/schema.org\",\"@graph\":[{\"@type\":\"Article\",\"@id\":\"https:\/\/gijonbasket.com\/2026\/01\/29\/travis-munnings-nuevo-fichaje-del-monbus-obradoiro\/#article\",\"isPartOf\":{\"@id\":\"https:\/\/gijonbasket.com\/2026\/01\/29\/travis-munnings-nuevo-fichaje-del-monbus-obradoiro\/\"},\"author\":{\"name\":\"Cesar Morales\",\"@id\":\"https:\/\/gijonbasket.com\/#\/schema\/person\/91af9ff03e8eab582ccc344b715907c0\"},\"headline\":\"Travis Munnings nuevo fichaje del Monbus Obradoiro\",\"datePublished\":\"2026-01-29T08:00:04+00:00\",\"dateModified\":\"2026-01-29T08:00:06+00:00\",\"mainEntityOfPage\":{\"@id\":\"https:\/\/gijonbasket.com\/2026\/01\/29\/travis-munnings-nuevo-fichaje-del-monbus-obradoiro\/\"},\"wordCount\":141,\"commentCount\":0,\"publisher\":{\"@id\":\"https:\/\/gijonbasket.com\/#organization\"},\"articleSection\":[\"noticias\"],\"inLanguage\":\"en-US\",\"potentialAction\":[{\"@type\":\"CommentAction\",\"name\":\"Comment\",\"target\":[\"https:\/\/gijonbasket.com\/2026\/01\/29\/travis-munnings-nuevo-fichaje-del-monbus-obradoiro\/#respond\"]}]},{\"@type\":\"WebPage\",\"@id\":\"https:\/\/gijonbasket.com\/2026\/01\/29\/travis-munnings-nuevo-fichaje-del-monbus-obradoiro\/\",\"url\":\"https:\/\/gijonbasket.com\/2026\/01\/29\/travis-munnings-nuevo-fichaje-del-monbus-obradoiro\/\",\"name\":\"Travis Munnings nuevo fichaje del Monbus Obradoiro - gijonbasket\",\"isPartOf\":{\"@id\":\"https:\/\/gijonbasket.com\/#website\"},\"datePublished\":\"2026-01-29T08:00:04+00:00\",\"dateModified\":\"2026-01-29T08:00:06+00:00\",\"breadcrumb\":{\"@id\":\"https:\/\/gijonbasket.com\/2026\/01\/29\/travis-munnings-nuevo-fichaje-del-monbus-obradoiro\/#breadcrumb\"},\"inLanguage\":\"en-US\",\"potentialAction\":[{\"@type\":\"ReadAction\",\"target\":[\"https:\/\/gijonbasket.com\/2026\/01\/29\/travis-munnings-nuevo-fichaje-del-monbus-obradoiro\/\"]}]},{\"@type\":\"BreadcrumbList\",\"@id\":\"https:\/\/gijonbasket.com\/2026\/01\/29\/travis-munnings-nuevo-fichaje-del-monbus-obradoiro\/#breadcrumb\",\"itemListElement\":[{\"@type\":\"ListItem\",\"position\":1,\"name\":\"Portada\",\"item\":\"https:\/\/gijonbasket.com\/\"},{\"@type\":\"ListItem\",\"position\":2,\"name\":\"Travis Munnings nuevo fichaje del Monbus Obradoiro\"}]},{\"@type\":\"WebSite\",\"@id\":\"https:\/\/gijonbasket.com\/#website\",\"url\":\"https:\/\/gijonbasket.com\/\",\"name\":\"gijonbasket\",\"description\":\"\",\"publisher\":{\"@id\":\"https:\/\/gijonbasket.com\/#organization\"},\"potentialAction\":[{\"@type\":\"SearchAction\",\"target\":{\"@type\":\"EntryPoint\",\"urlTemplate\":\"https:\/\/gijonbasket.com\/?s={search_term_string}\"},\"query-input\":{\"@type\":\"PropertyValueSpecification\",\"valueRequired\":true,\"valueName\":\"search_term_string\"}}],\"inLanguage\":\"en-US\"},{\"@type\":\"Organization\",\"@id\":\"https:\/\/gijonbasket.com\/#organization\",\"name\":\"gijonbasket\",\"url\":\"https:\/\/gijonbasket.com\/\",\"logo\":{\"@type\":\"ImageObject\",\"inLanguage\":\"en-US\",\"@id\":\"https:\/\/gijonbasket.com\/#\/schema\/logo\/image\/\",\"url\":\"https:\/\/gijonbasket.com\/wp-content\/uploads\/2023\/03\/LogoGijonBasket2.jpg\",\"contentUrl\":\"https:\/\/gijonbasket.com\/wp-content\/uploads\/2023\/03\/LogoGijonBasket2.jpg\",\"width\":2000,\"height\":550,\"caption\":\"gijonbasket\"},\"image\":{\"@id\":\"https:\/\/gijonbasket.com\/#\/schema\/logo\/image\/\"}},{\"@type\":\"Person\",\"@id\":\"https:\/\/gijonbasket.com\/#\/schema\/person\/91af9ff03e8eab582ccc344b715907c0\",\"name\":\"Cesar Morales\",\"image\":{\"@type\":\"ImageObject\",\"inLanguage\":\"en-US\",\"@id\":\"https:\/\/gijonbasket.com\/#\/schema\/person\/image\/\",\"url\":\"https:\/\/secure.gravatar.com\/avatar\/ab9ddf1e87f7580cae3deefb05a58c5cf4f0c7f96f033fd7dacc23f0e8d149ca?s=96&d=mm&r=g\",\"contentUrl\":\"https:\/\/secure.gravatar.com\/avatar\/ab9ddf1e87f7580cae3deefb05a58c5cf4f0c7f96f033fd7dacc23f0e8d149ca?s=96&d=mm&r=g\",\"caption\":\"Cesar Morales\"},\"url\":\"https:\/\/gijonbasket.com\/en\/author\/cesar\/\"}]}<\/script>\n<!-- \/ Yoast SEO plugin. -->","yoast_head_json":{"title":"Travis Munnings nuevo fichaje del Monbus Obradoiro - gijonbasket","robots":{"index":"index","follow":"follow","max-snippet":"max-snippet:-1","max-image-preview":"max-image-preview:large","max-video-preview":"max-video-preview:-1"},"canonical":"https:\/\/gijonbasket.com\/en\/2026\/01\/29\/travis-munnings-nuevo-fichaje-del-monbus-obradoiro\/","og_locale":"en_US","og_type":"article","og_title":"Travis Munnings nuevo fichaje del Monbus Obradoiro - gijonbasket","og_description":"El Monbus Obradoiro anunci\u00f3 el fichaje de Travis Munnings para cubrir la baja por lesi\u00f3n de Olle Lundqvist. Tercer fichaje con la temporada en curso por parte del Monbus Obradoiro tras Dejan Kravic y Micah Speight. Travis Munnings, alero estadounidense con nacionalidad bahame\u00f1a de 31 a\u00f1os y 1.98 m., militaba esta temporada en el Covir\u00e1n&hellip;&nbsp;Read More &raquo;Travis Munnings nuevo fichaje del Monbus Obradoiro","og_url":"https:\/\/gijonbasket.com\/en\/2026\/01\/29\/travis-munnings-nuevo-fichaje-del-monbus-obradoiro\/","og_site_name":"gijonbasket","article_published_time":"2026-01-29T08:00:04+00:00","article_modified_time":"2026-01-29T08:00:06+00:00","author":"Cesar Morales","twitter_card":"summary_large_image","twitter_misc":{"Written by":"Cesar Morales","Est. reading time":"1 minute"},"schema":{"@context":"https:\/\/schema.org","@graph":[{"@type":"Article","@id":"https:\/\/gijonbasket.com\/2026\/01\/29\/travis-munnings-nuevo-fichaje-del-monbus-obradoiro\/#article","isPartOf":{"@id":"https:\/\/gijonbasket.com\/2026\/01\/29\/travis-munnings-nuevo-fichaje-del-monbus-obradoiro\/"},"author":{"name":"Cesar Morales","@id":"https:\/\/gijonbasket.com\/#\/schema\/person\/91af9ff03e8eab582ccc344b715907c0"},"headline":"Travis Munnings nuevo fichaje del Monbus Obradoiro","datePublished":"2026-01-29T08:00:04+00:00","dateModified":"2026-01-29T08:00:06+00:00","mainEntityOfPage":{"@id":"https:\/\/gijonbasket.com\/2026\/01\/29\/travis-munnings-nuevo-fichaje-del-monbus-obradoiro\/"},"wordCount":141,"commentCount":0,"publisher":{"@id":"https:\/\/gijonbasket.com\/#organization"},"articleSection":["noticias"],"inLanguage":"en-US","potentialAction":[{"@type":"CommentAction","name":"Comment","target":["https:\/\/gijonbasket.com\/2026\/01\/29\/travis-munnings-nuevo-fichaje-del-monbus-obradoiro\/#respond"]}]},{"@type":"WebPage","@id":"https:\/\/gijonbasket.com\/2026\/01\/29\/travis-munnings-nuevo-fichaje-del-monbus-obradoiro\/","url":"https:\/\/gijonbasket.com\/2026\/01\/29\/travis-munnings-nuevo-fichaje-del-monbus-obradoiro\/","name":"Travis Munnings nuevo fichaje del Monbus Obradoiro - gijonbasket","isPartOf":{"@id":"https:\/\/gijonbasket.com\/#website"},"datePublished":"2026-01-29T08:00:04+00:00","dateModified":"2026-01-29T08:00:06+00:00","breadcrumb":{"@id":"https:\/\/gijonbasket.com\/2026\/01\/29\/travis-munnings-nuevo-fichaje-del-monbus-obradoiro\/#breadcrumb"},"inLanguage":"en-US","potentialAction":[{"@type":"ReadAction","target":["https:\/\/gijonbasket.com\/2026\/01\/29\/travis-munnings-nuevo-fichaje-del-monbus-obradoiro\/"]}]},{"@type":"BreadcrumbList","@id":"https:\/\/gijonbasket.com\/2026\/01\/29\/travis-munnings-nuevo-fichaje-del-monbus-obradoiro\/#breadcrumb","itemListElement":[{"@type":"ListItem","position":1,"name":"Portada","item":"https:\/\/gijonbasket.com\/"},{"@type":"ListItem","position":2,"name":"Travis Munnings nuevo fichaje del Monbus Obradoiro"}]},{"@type":"WebSite","@id":"https:\/\/gijonbasket.com\/#website","url":"https:\/\/gijonbasket.com\/","name":"gijonbasket","description":"","publisher":{"@id":"https:\/\/gijonbasket.com\/#organization"},"potentialAction":[{"@type":"SearchAction","target":{"@type":"EntryPoint","urlTemplate":"https:\/\/gijonbasket.com\/?s={search_term_string}"},"query-input":{"@type":"PropertyValueSpecification","valueRequired":true,"valueName":"search_term_string"}}],"inLanguage":"en-US"},{"@type":"Organization","@id":"https:\/\/gijonbasket.com\/#organization","name":"gijonbasket","url":"https:\/\/gijonbasket.com\/","logo":{"@type":"ImageObject","inLanguage":"en-US","@id":"https:\/\/gijonbasket.com\/#\/schema\/logo\/image\/","url":"https:\/\/gijonbasket.com\/wp-content\/uploads\/2023\/03\/LogoGijonBasket2.jpg","contentUrl":"https:\/\/gijonbasket.com\/wp-content\/uploads\/2023\/03\/LogoGijonBasket2.jpg","width":2000,"height":550,"caption":"gijonbasket"},"image":{"@id":"https:\/\/gijonbasket.com\/#\/schema\/logo\/image\/"}},{"@type":"Person","@id":"https:\/\/gijonbasket.com\/#\/schema\/person\/91af9ff03e8eab582ccc344b715907c0","name":"Cesar Morales","image":{"@type":"ImageObject","inLanguage":"en-US","@id":"https:\/\/gijonbasket.com\/#\/schema\/person\/image\/","url":"https:\/\/secure.gravatar.com\/avatar\/ab9ddf1e87f7580cae3deefb05a58c5cf4f0c7f96f033fd7dacc23f0e8d149ca?s=96&d=mm&r=g","contentUrl":"https:\/\/secure.gravatar.com\/avatar\/ab9ddf1e87f7580cae3deefb05a58c5cf4f0c7f96f033fd7dacc23f0e8d149ca?s=96&d=mm&r=g","caption":"Cesar Morales"},"url":"https:\/\/gijonbasket.com\/en\/author\/cesar\/"}]}},"_links":{"self":[{"href":"https:\/\/gijonbasket.com\/en\/wp-json\/wp\/v2\/posts\/9894","targetHints":{"allow":["GET"]}}],"collection":[{"href":"https:\/\/gijonbasket.com\/en\/wp-json\/wp\/v2\/posts"}],"about":[{"href":"https:\/\/gijonbasket.com\/en\/wp-json\/wp\/v2\/types\/post"}],"author":[{"embeddable":true,"href":"https:\/\/gijonbasket.com\/en\/wp-json\/wp\/v2\/users\/2"}],"replies":[{"embeddable":true,"href":"https:\/\/gijonbasket.com\/en\/wp-json\/wp\/v2\/comments?post=9894"}],"version-history":[{"count":1,"href":"https:\/\/gijonbasket.com\/en\/wp-json\/wp\/v2\/posts\/9894\/revisions"}],"predecessor-version":[{"id":9895,"href":"https:\/\/gijonbasket.com\/en\/wp-json\/wp\/v2\/posts\/9894\/revisions\/9895"}],"wp:attachment":[{"href":"https:\/\/gijonbasket.com\/en\/wp-json\/wp\/v2\/media?parent=9894"}],"wp:term":[{"taxonomy":"category","embeddable":true,"href":"https:\/\/gijonbasket.com\/en\/wp-json\/wp\/v2\/categories?post=9894"},{"taxonomy":"post_tag","embeddable":true,"href":"https:\/\/gijonbasket.com\/en\/wp-json\/wp\/v2\/tags?post=9894"}],"curies":[{"name":"wp","href":"https:\/\/api.w.org\/{rel}","templated":true}]}}