{"id":9956,"date":"2026-02-04T11:30:08","date_gmt":"2026-02-04T10:30:08","guid":{"rendered":"https:\/\/gijonbasket.com\/?p=9956"},"modified":"2026-02-04T11:30:10","modified_gmt":"2026-02-04T10:30:10","slug":"sam-dekker-y-el-joventut-separan-sus-caminos","status":"publish","type":"post","link":"https:\/\/gijonbasket.com\/en\/2026\/02\/04\/sam-dekker-y-el-joventut-separan-sus-caminos\/","title":{"rendered":"Sam Dekker y el Joventut separan sus caminos"},"content":{"rendered":"<p>El Joventut anunci\u00f3 la rescisi\u00f3n de contrato con Sam Dekker.<\/p>\n\n\n\n<p>Ala-p\u00edvot estadounidense de 31 a\u00f1os y 2.06 m., que recal\u00f3 en el Joventut el 12 de noviembre de 2024, con un contrato temporal de un mes que posteriormente fue prorrogado hasta mediados de enero y as\u00ed hasta finalizar la temporada 2024\/2025. Actualmente cumpl\u00eda su segunda temporada con la Penya.<\/p>\n\n\n\n<p>Formado en Wisconsin University (2012\/2013; 2013\/2014; 2014\/2015).<\/p>\n\n\n\n<p>Seleccionado en NBA Draft 2015 por los Houston Rockets con n\u00ba 18.<\/p>\n\n\n\n<p>5 temporadas NBA militando en Houston Rockets, Los \u00c1ngeles Clippers, Cleveland Cavaliers, Washington Wizards y Toronto Raptors.<\/p>\n\n\n\n<p>Finalizada su etapa NBA dio el salto a Europa jugando en Rusia (Lokomotiv Kuban), Turqu\u00eda (T\u00fcrk Telekom Ankara; Bahcesehir Koleji Istanbul) y Reino Unido (London Lions).<\/p>\n\n\n\n<p>La pasada temporada con el Joventut firm\u00f3 unas estad\u00edsticas de 12.6 ppp; 4 rpp (Liga Endesa) y 13.1 ppp; 4.7 rpp (EuroCup).<\/p>\n\n\n\n<p>Sam Dekker esta campa\u00f1a estaba promediando 4.6 ppp; 3.2 rpp (Liga Endesa) y 7.4 ppp; 3.8 rpp (Basketball Champions League).<\/p>","protected":false},"excerpt":{"rendered":"<p>El Joventut anunci\u00f3 la rescisi\u00f3n de contrato con Sam Dekker. Ala-p\u00edvot estadounidense de 31 a\u00f1os y 2.06 m., que recal\u00f3 en el Joventut el 12 de noviembre de 2024, con un contrato temporal de un mes que posteriormente fue prorrogado hasta mediados de enero y as\u00ed hasta finalizar la temporada 2024\/2025. Actualmente cumpl\u00eda su segunda&hellip;&nbsp;<a href=\"https:\/\/gijonbasket.com\/en\/2026\/02\/04\/sam-dekker-y-el-joventut-separan-sus-caminos\/\" class=\"\" rel=\"bookmark\">Read More &raquo;<span class=\"screen-reader-text\">Sam Dekker y el Joventut separan sus caminos<\/span><\/a><\/p>","protected":false},"author":2,"featured_media":0,"comment_status":"open","ping_status":"open","sticky":false,"template":"","format":"standard","meta":{"neve_meta_sidebar":"","neve_meta_container":"","neve_meta_enable_content_width":"","neve_meta_content_width":0,"neve_meta_title_alignment":"","neve_meta_author_avatar":"","neve_post_elements_order":"","neve_meta_disable_header":"","neve_meta_disable_footer":"","neve_meta_disable_title":"","footnotes":""},"categories":[4],"tags":[],"class_list":["post-9956","post","type-post","status-publish","format-standard","hentry","category-noticias"],"yoast_head":"<!-- This site is optimized with the Yoast SEO plugin v23.4 - https:\/\/yoast.com\/wordpress\/plugins\/seo\/ -->\n<title>Sam Dekker y el Joventut separan sus caminos - gijonbasket<\/title>\n<meta name=\"robots\" content=\"index, follow, max-snippet:-1, max-image-preview:large, max-video-preview:-1\" \/>\n<link rel=\"canonical\" href=\"https:\/\/gijonbasket.com\/en\/2026\/02\/04\/sam-dekker-y-el-joventut-separan-sus-caminos\/\" \/>\n<meta property=\"og:locale\" content=\"en_US\" \/>\n<meta property=\"og:type\" content=\"article\" \/>\n<meta property=\"og:title\" content=\"Sam Dekker y el Joventut separan sus caminos - gijonbasket\" \/>\n<meta property=\"og:description\" content=\"El Joventut anunci\u00f3 la rescisi\u00f3n de contrato con Sam Dekker. Ala-p\u00edvot estadounidense de 31 a\u00f1os y 2.06 m., que recal\u00f3 en el Joventut el 12 de noviembre de 2024, con un contrato temporal de un mes que posteriormente fue prorrogado hasta mediados de enero y as\u00ed hasta finalizar la temporada 2024\/2025. Actualmente cumpl\u00eda su segunda&hellip;&nbsp;Read More &raquo;Sam Dekker y el Joventut separan sus caminos\" \/>\n<meta property=\"og:url\" content=\"https:\/\/gijonbasket.com\/en\/2026\/02\/04\/sam-dekker-y-el-joventut-separan-sus-caminos\/\" \/>\n<meta property=\"og:site_name\" content=\"gijonbasket\" \/>\n<meta property=\"article:published_time\" content=\"2026-02-04T10:30:08+00:00\" \/>\n<meta property=\"article:modified_time\" content=\"2026-02-04T10:30:10+00:00\" \/>\n<meta name=\"author\" content=\"Cesar Morales\" \/>\n<meta name=\"twitter:card\" content=\"summary_large_image\" \/>\n<meta name=\"twitter:label1\" content=\"Written by\" \/>\n\t<meta name=\"twitter:data1\" content=\"Cesar Morales\" \/>\n\t<meta name=\"twitter:label2\" content=\"Est. reading time\" \/>\n\t<meta name=\"twitter:data2\" content=\"1 minute\" \/>\n<script type=\"application\/ld+json\" class=\"yoast-schema-graph\">{\"@context\":\"https:\/\/schema.org\",\"@graph\":[{\"@type\":\"Article\",\"@id\":\"https:\/\/gijonbasket.com\/2026\/02\/04\/sam-dekker-y-el-joventut-separan-sus-caminos\/#article\",\"isPartOf\":{\"@id\":\"https:\/\/gijonbasket.com\/2026\/02\/04\/sam-dekker-y-el-joventut-separan-sus-caminos\/\"},\"author\":{\"name\":\"Cesar Morales\",\"@id\":\"https:\/\/gijonbasket.com\/#\/schema\/person\/91af9ff03e8eab582ccc344b715907c0\"},\"headline\":\"Sam Dekker y el Joventut separan sus caminos\",\"datePublished\":\"2026-02-04T10:30:08+00:00\",\"dateModified\":\"2026-02-04T10:30:10+00:00\",\"mainEntityOfPage\":{\"@id\":\"https:\/\/gijonbasket.com\/2026\/02\/04\/sam-dekker-y-el-joventut-separan-sus-caminos\/\"},\"wordCount\":160,\"commentCount\":0,\"publisher\":{\"@id\":\"https:\/\/gijonbasket.com\/#organization\"},\"articleSection\":[\"noticias\"],\"inLanguage\":\"en-US\",\"potentialAction\":[{\"@type\":\"CommentAction\",\"name\":\"Comment\",\"target\":[\"https:\/\/gijonbasket.com\/2026\/02\/04\/sam-dekker-y-el-joventut-separan-sus-caminos\/#respond\"]}]},{\"@type\":\"WebPage\",\"@id\":\"https:\/\/gijonbasket.com\/2026\/02\/04\/sam-dekker-y-el-joventut-separan-sus-caminos\/\",\"url\":\"https:\/\/gijonbasket.com\/2026\/02\/04\/sam-dekker-y-el-joventut-separan-sus-caminos\/\",\"name\":\"Sam Dekker y el Joventut separan sus caminos - gijonbasket\",\"isPartOf\":{\"@id\":\"https:\/\/gijonbasket.com\/#website\"},\"datePublished\":\"2026-02-04T10:30:08+00:00\",\"dateModified\":\"2026-02-04T10:30:10+00:00\",\"breadcrumb\":{\"@id\":\"https:\/\/gijonbasket.com\/2026\/02\/04\/sam-dekker-y-el-joventut-separan-sus-caminos\/#breadcrumb\"},\"inLanguage\":\"en-US\",\"potentialAction\":[{\"@type\":\"ReadAction\",\"target\":[\"https:\/\/gijonbasket.com\/2026\/02\/04\/sam-dekker-y-el-joventut-separan-sus-caminos\/\"]}]},{\"@type\":\"BreadcrumbList\",\"@id\":\"https:\/\/gijonbasket.com\/2026\/02\/04\/sam-dekker-y-el-joventut-separan-sus-caminos\/#breadcrumb\",\"itemListElement\":[{\"@type\":\"ListItem\",\"position\":1,\"name\":\"Portada\",\"item\":\"https:\/\/gijonbasket.com\/\"},{\"@type\":\"ListItem\",\"position\":2,\"name\":\"Sam Dekker y el Joventut separan sus caminos\"}]},{\"@type\":\"WebSite\",\"@id\":\"https:\/\/gijonbasket.com\/#website\",\"url\":\"https:\/\/gijonbasket.com\/\",\"name\":\"gijonbasket\",\"description\":\"\",\"publisher\":{\"@id\":\"https:\/\/gijonbasket.com\/#organization\"},\"potentialAction\":[{\"@type\":\"SearchAction\",\"target\":{\"@type\":\"EntryPoint\",\"urlTemplate\":\"https:\/\/gijonbasket.com\/?s={search_term_string}\"},\"query-input\":{\"@type\":\"PropertyValueSpecification\",\"valueRequired\":true,\"valueName\":\"search_term_string\"}}],\"inLanguage\":\"en-US\"},{\"@type\":\"Organization\",\"@id\":\"https:\/\/gijonbasket.com\/#organization\",\"name\":\"gijonbasket\",\"url\":\"https:\/\/gijonbasket.com\/\",\"logo\":{\"@type\":\"ImageObject\",\"inLanguage\":\"en-US\",\"@id\":\"https:\/\/gijonbasket.com\/#\/schema\/logo\/image\/\",\"url\":\"https:\/\/gijonbasket.com\/wp-content\/uploads\/2023\/03\/LogoGijonBasket2.jpg\",\"contentUrl\":\"https:\/\/gijonbasket.com\/wp-content\/uploads\/2023\/03\/LogoGijonBasket2.jpg\",\"width\":2000,\"height\":550,\"caption\":\"gijonbasket\"},\"image\":{\"@id\":\"https:\/\/gijonbasket.com\/#\/schema\/logo\/image\/\"}},{\"@type\":\"Person\",\"@id\":\"https:\/\/gijonbasket.com\/#\/schema\/person\/91af9ff03e8eab582ccc344b715907c0\",\"name\":\"Cesar Morales\",\"image\":{\"@type\":\"ImageObject\",\"inLanguage\":\"en-US\",\"@id\":\"https:\/\/gijonbasket.com\/#\/schema\/person\/image\/\",\"url\":\"https:\/\/secure.gravatar.com\/avatar\/ab9ddf1e87f7580cae3deefb05a58c5cf4f0c7f96f033fd7dacc23f0e8d149ca?s=96&d=mm&r=g\",\"contentUrl\":\"https:\/\/secure.gravatar.com\/avatar\/ab9ddf1e87f7580cae3deefb05a58c5cf4f0c7f96f033fd7dacc23f0e8d149ca?s=96&d=mm&r=g\",\"caption\":\"Cesar Morales\"},\"url\":\"https:\/\/gijonbasket.com\/en\/author\/cesar\/\"}]}<\/script>\n<!-- \/ Yoast SEO plugin. -->","yoast_head_json":{"title":"Sam Dekker y el Joventut separan sus caminos - gijonbasket","robots":{"index":"index","follow":"follow","max-snippet":"max-snippet:-1","max-image-preview":"max-image-preview:large","max-video-preview":"max-video-preview:-1"},"canonical":"https:\/\/gijonbasket.com\/en\/2026\/02\/04\/sam-dekker-y-el-joventut-separan-sus-caminos\/","og_locale":"en_US","og_type":"article","og_title":"Sam Dekker y el Joventut separan sus caminos - gijonbasket","og_description":"El Joventut anunci\u00f3 la rescisi\u00f3n de contrato con Sam Dekker. Ala-p\u00edvot estadounidense de 31 a\u00f1os y 2.06 m., que recal\u00f3 en el Joventut el 12 de noviembre de 2024, con un contrato temporal de un mes que posteriormente fue prorrogado hasta mediados de enero y as\u00ed hasta finalizar la temporada 2024\/2025. Actualmente cumpl\u00eda su segunda&hellip;&nbsp;Read More &raquo;Sam Dekker y el Joventut separan sus caminos","og_url":"https:\/\/gijonbasket.com\/en\/2026\/02\/04\/sam-dekker-y-el-joventut-separan-sus-caminos\/","og_site_name":"gijonbasket","article_published_time":"2026-02-04T10:30:08+00:00","article_modified_time":"2026-02-04T10:30:10+00:00","author":"Cesar Morales","twitter_card":"summary_large_image","twitter_misc":{"Written by":"Cesar Morales","Est. reading time":"1 minute"},"schema":{"@context":"https:\/\/schema.org","@graph":[{"@type":"Article","@id":"https:\/\/gijonbasket.com\/2026\/02\/04\/sam-dekker-y-el-joventut-separan-sus-caminos\/#article","isPartOf":{"@id":"https:\/\/gijonbasket.com\/2026\/02\/04\/sam-dekker-y-el-joventut-separan-sus-caminos\/"},"author":{"name":"Cesar Morales","@id":"https:\/\/gijonbasket.com\/#\/schema\/person\/91af9ff03e8eab582ccc344b715907c0"},"headline":"Sam Dekker y el Joventut separan sus caminos","datePublished":"2026-02-04T10:30:08+00:00","dateModified":"2026-02-04T10:30:10+00:00","mainEntityOfPage":{"@id":"https:\/\/gijonbasket.com\/2026\/02\/04\/sam-dekker-y-el-joventut-separan-sus-caminos\/"},"wordCount":160,"commentCount":0,"publisher":{"@id":"https:\/\/gijonbasket.com\/#organization"},"articleSection":["noticias"],"inLanguage":"en-US","potentialAction":[{"@type":"CommentAction","name":"Comment","target":["https:\/\/gijonbasket.com\/2026\/02\/04\/sam-dekker-y-el-joventut-separan-sus-caminos\/#respond"]}]},{"@type":"WebPage","@id":"https:\/\/gijonbasket.com\/2026\/02\/04\/sam-dekker-y-el-joventut-separan-sus-caminos\/","url":"https:\/\/gijonbasket.com\/2026\/02\/04\/sam-dekker-y-el-joventut-separan-sus-caminos\/","name":"Sam Dekker y el Joventut separan sus caminos - gijonbasket","isPartOf":{"@id":"https:\/\/gijonbasket.com\/#website"},"datePublished":"2026-02-04T10:30:08+00:00","dateModified":"2026-02-04T10:30:10+00:00","breadcrumb":{"@id":"https:\/\/gijonbasket.com\/2026\/02\/04\/sam-dekker-y-el-joventut-separan-sus-caminos\/#breadcrumb"},"inLanguage":"en-US","potentialAction":[{"@type":"ReadAction","target":["https:\/\/gijonbasket.com\/2026\/02\/04\/sam-dekker-y-el-joventut-separan-sus-caminos\/"]}]},{"@type":"BreadcrumbList","@id":"https:\/\/gijonbasket.com\/2026\/02\/04\/sam-dekker-y-el-joventut-separan-sus-caminos\/#breadcrumb","itemListElement":[{"@type":"ListItem","position":1,"name":"Portada","item":"https:\/\/gijonbasket.com\/"},{"@type":"ListItem","position":2,"name":"Sam Dekker y el Joventut separan sus caminos"}]},{"@type":"WebSite","@id":"https:\/\/gijonbasket.com\/#website","url":"https:\/\/gijonbasket.com\/","name":"gijonbasket","description":"","publisher":{"@id":"https:\/\/gijonbasket.com\/#organization"},"potentialAction":[{"@type":"SearchAction","target":{"@type":"EntryPoint","urlTemplate":"https:\/\/gijonbasket.com\/?s={search_term_string}"},"query-input":{"@type":"PropertyValueSpecification","valueRequired":true,"valueName":"search_term_string"}}],"inLanguage":"en-US"},{"@type":"Organization","@id":"https:\/\/gijonbasket.com\/#organization","name":"gijonbasket","url":"https:\/\/gijonbasket.com\/","logo":{"@type":"ImageObject","inLanguage":"en-US","@id":"https:\/\/gijonbasket.com\/#\/schema\/logo\/image\/","url":"https:\/\/gijonbasket.com\/wp-content\/uploads\/2023\/03\/LogoGijonBasket2.jpg","contentUrl":"https:\/\/gijonbasket.com\/wp-content\/uploads\/2023\/03\/LogoGijonBasket2.jpg","width":2000,"height":550,"caption":"gijonbasket"},"image":{"@id":"https:\/\/gijonbasket.com\/#\/schema\/logo\/image\/"}},{"@type":"Person","@id":"https:\/\/gijonbasket.com\/#\/schema\/person\/91af9ff03e8eab582ccc344b715907c0","name":"Cesar Morales","image":{"@type":"ImageObject","inLanguage":"en-US","@id":"https:\/\/gijonbasket.com\/#\/schema\/person\/image\/","url":"https:\/\/secure.gravatar.com\/avatar\/ab9ddf1e87f7580cae3deefb05a58c5cf4f0c7f96f033fd7dacc23f0e8d149ca?s=96&d=mm&r=g","contentUrl":"https:\/\/secure.gravatar.com\/avatar\/ab9ddf1e87f7580cae3deefb05a58c5cf4f0c7f96f033fd7dacc23f0e8d149ca?s=96&d=mm&r=g","caption":"Cesar Morales"},"url":"https:\/\/gijonbasket.com\/en\/author\/cesar\/"}]}},"_links":{"self":[{"href":"https:\/\/gijonbasket.com\/en\/wp-json\/wp\/v2\/posts\/9956","targetHints":{"allow":["GET"]}}],"collection":[{"href":"https:\/\/gijonbasket.com\/en\/wp-json\/wp\/v2\/posts"}],"about":[{"href":"https:\/\/gijonbasket.com\/en\/wp-json\/wp\/v2\/types\/post"}],"author":[{"embeddable":true,"href":"https:\/\/gijonbasket.com\/en\/wp-json\/wp\/v2\/users\/2"}],"replies":[{"embeddable":true,"href":"https:\/\/gijonbasket.com\/en\/wp-json\/wp\/v2\/comments?post=9956"}],"version-history":[{"count":1,"href":"https:\/\/gijonbasket.com\/en\/wp-json\/wp\/v2\/posts\/9956\/revisions"}],"predecessor-version":[{"id":9957,"href":"https:\/\/gijonbasket.com\/en\/wp-json\/wp\/v2\/posts\/9956\/revisions\/9957"}],"wp:attachment":[{"href":"https:\/\/gijonbasket.com\/en\/wp-json\/wp\/v2\/media?parent=9956"}],"wp:term":[{"taxonomy":"category","embeddable":true,"href":"https:\/\/gijonbasket.com\/en\/wp-json\/wp\/v2\/categories?post=9956"},{"taxonomy":"post_tag","embeddable":true,"href":"https:\/\/gijonbasket.com\/en\/wp-json\/wp\/v2\/tags?post=9956"}],"curies":[{"name":"wp","href":"https:\/\/api.w.org\/{rel}","templated":true}]}}